{"id":336721,"date":"2025-08-22T18:03:14","date_gmt":"2025-08-22T18:03:14","guid":{"rendered":"https:\/\/www.europesays.com\/fr\/336721\/"},"modified":"2025-08-22T18:03:14","modified_gmt":"2025-08-22T18:03:14","slug":"a-aubervilliers-le-combo-studio-le-couteau-suisse-de-la-culture-hip-hop","status":"publish","type":"post","link":"https:\/\/www.europesays.com\/fr\/336721\/","title":{"rendered":"A Aubervilliers, le Combo Studio, le \u00ab\u00a0couteau suisse\u00a0\u00bb de la culture hip-hop"},"content":{"rendered":"<p>                         <img loading=\"lazy\" decoding=\"async\" src=\"https:\/\/www.europesays.com\/fr\/wp-content\/uploads\/2025\/08\/1fa3166_upload-1-cdflwhnueb4x-combo-studio-studio2-irvin-heller-07-2024.jpg\" alt=\"Le studio 2\u00a0du Combo Studio, \u00e0 Aubervilliers (Seine-Saint-Denis).\"   width=\"664\" height=\"443\"\/>    Le studio 2\u00a0du Combo Studio, \u00e0 Aubervilliers (Seine-Saint-Denis).  IRVIN HELLER                 <\/p>\n<p class=\"article__paragraph  \">De l\u2019ext\u00e9rieur, rien n\u2019annonce ce qui se passe derri\u00e8re le grand portail noir au 59\u00a0ter, rue Heurtault, \u00e0 Aubervilliers (Seine-Saint-Denis). Rachid (il n\u2019a pas souhait\u00e9 donner son nom), le garagiste qui a install\u00e9 un baril d\u2019essence \u00e0 l\u2019entr\u00e9e de son magasin de pi\u00e8ces d\u00e9tach\u00e9es automobiles, s\u2019amuse des petits attroupements qu\u2019il y a parfois\u00a0: \u00ab\u00a0Ce sont des jeunes, souvent. Ils m\u2019empruntent mon baril pour tourner leur clip.\u00a0\u00bb Derri\u00e8re le portail, se trouve un des studios hip-hop les plus complets du Grand Paris, le Combo Studio.<\/p>\n<p class=\"article__paragraph  \">Ici les artistes peuvent enregistrer leur musique, mais aussi photographier la pochette d\u2019album ou les clich\u00e9s n\u00e9cessaires \u00e0 leur promotion, tourner un vid\u00e9oclip, le monter et l\u2019\u00e9talonner. Ils ont acc\u00e8s aussi \u00e0 des espaces plus grands pour organiser des soir\u00e9es le jour de la sortie du disque, ou plus petits pour un live en streaming avec leurs fans, ou participer \u00e0 un des nombreux podcasts enregistr\u00e9s dans ce lieu de cr\u00e9ation en 360\u00a0degr\u00e9s. <a href=\"https:\/\/www.youtube.com\/@CKO_ENT\" target=\"_blank\" rel=\"noopener nofollow\" title=\"Nouvelle fen\u00eatre\">L\u2019\u00e9mission sp\u00e9cialis\u00e9e diffus\u00e9e sur YouTube \u00ab\u00a0CKO\u00a0\u00bb<\/a> y a \u00e9lu domicile et a d\u00e9j\u00e0 fait venir les grands noms du rap fran\u00e7ais, de Booba \u00e0 Lacrim en passant par Youssoupha.<\/p>\n<p class=\"reading-mode-only \"><strong>Il vous reste 83.05% de cet article \u00e0 lire. La suite est r\u00e9serv\u00e9e aux abonn\u00e9s.<\/strong><\/p>\n","protected":false},"excerpt":{"rendered":"Le studio 2\u00a0du Combo Studio, \u00e0 Aubervilliers (Seine-Saint-Denis). IRVIN HELLER De l\u2019ext\u00e9rieur, rien n\u2019annonce ce qui se passe&hellip;\n","protected":false},"author":2,"featured_media":336722,"comment_status":"","ping_status":"","sticky":false,"template":"","format":"standard","meta":{"footnotes":""},"categories":[1355],"tags":[58,59,1011,27,1361,873],"class_list":{"0":"post-336721","1":"post","2":"type-post","3":"status-publish","4":"format-standard","5":"has-post-thumbnail","7":"category-musique","8":"tag-divertissement","9":"tag-entertainment","10":"tag-fr","11":"tag-france","12":"tag-music","13":"tag-musique"},"share_on_mastodon":{"url":"https:\/\/pubeurope.com\/@fr\/115073738819646850","error":""},"_links":{"self":[{"href":"https:\/\/www.europesays.com\/fr\/wp-json\/wp\/v2\/posts\/336721","targetHints":{"allow":["GET"]}}],"collection":[{"href":"https:\/\/www.europesays.com\/fr\/wp-json\/wp\/v2\/posts"}],"about":[{"href":"https:\/\/www.europesays.com\/fr\/wp-json\/wp\/v2\/types\/post"}],"author":[{"embeddable":true,"href":"https:\/\/www.europesays.com\/fr\/wp-json\/wp\/v2\/users\/2"}],"replies":[{"embeddable":true,"href":"https:\/\/www.europesays.com\/fr\/wp-json\/wp\/v2\/comments?post=336721"}],"version-history":[{"count":0,"href":"https:\/\/www.europesays.com\/fr\/wp-json\/wp\/v2\/posts\/336721\/revisions"}],"wp:featuredmedia":[{"embeddable":true,"href":"https:\/\/www.europesays.com\/fr\/wp-json\/wp\/v2\/media\/336722"}],"wp:attachment":[{"href":"https:\/\/www.europesays.com\/fr\/wp-json\/wp\/v2\/media?parent=336721"}],"wp:term":[{"taxonomy":"category","embeddable":true,"href":"https:\/\/www.europesays.com\/fr\/wp-json\/wp\/v2\/categories?post=336721"},{"taxonomy":"post_tag","embeddable":true,"href":"https:\/\/www.europesays.com\/fr\/wp-json\/wp\/v2\/tags?post=336721"}],"curies":[{"name":"wp","href":"https:\/\/api.w.org\/{rel}","templated":true}]}}