{"id":336725,"date":"2025-08-22T18:05:13","date_gmt":"2025-08-22T18:05:13","guid":{"rendered":"https:\/\/www.europesays.com\/fr\/336725\/"},"modified":"2025-08-22T18:05:13","modified_gmt":"2025-08-22T18:05:13","slug":"ce-fleau-invisible-qui-sintensifie-lete-tue-une-personne-toutes-les-36-secondes-selon-loms","status":"publish","type":"post","link":"https:\/\/www.europesays.com\/fr\/336725\/","title":{"rendered":"Ce fl\u00e9au invisible qui s&rsquo;intensifie l&rsquo;\u00e9t\u00e9 tue une personne toutes les 36 secondes, selon l\u2019OMS"},"content":{"rendered":"<p>L\u2019\u00e9t\u00e9, tout semble briller. Les rires fusent autour des<br \/>\nbarbecues, les verres tintent sur les terrasses, les stories<br \/>\nInstagram d\u00e9bordent de bonheur affich\u00e9. Et pourtant, derri\u00e8re cette<br \/>\napparente insouciance, un fl\u00e9au silencieux s\u2019installe et tue :<br \/>\n<a href=\"https:\/\/www.mariefrance.fr\/equilibre\/psycho\/a-partir-de-50-ans-ces-8-comportements-peuvent-reveler-une-solitude-profonde-sans-quon-ne-sen-rende-compte-1196514.html\" rel=\"nofollow noopener\" target=\"_blank\"><br \/>\nl<strong>a solitude estivale<\/strong><\/a>.<\/p>\n<p>D\u2019apr\u00e8s l\u2019Organisation mondiale de la Sant\u00e9, \u00ab\u00a0la solitude<br \/>\nserait responsable de la mort d\u2019une personne toutes les 36 secondes<br \/>\ndans le monde\u00a0\u00bb. Soit plus de cent d\u00e9c\u00e8s chaque heure. En \u00e9t\u00e9,<br \/>\n<a href=\"https:\/\/www.mariefrance.fr\/equilibre\/psycho\/a-partir-de-50-ans-ces-8-comportements-peuvent-reveler-une-solitude-profonde-sans-quon-ne-sen-rende-compte-1196514.html\" rel=\"nofollow noopener\" target=\"_blank\"><br \/>\nce ph\u00e9nom\u00e8ne s\u2019intensifie<\/a>. Les amis partent, les familles<br \/>\ns\u2019\u00e9loignent, les agendas d\u00e9bordent. Et ceux qui restent seuls<br \/>\nvoient les jours s\u2019\u00e9tirer dans un vide pesant.<\/p>\n<p><img loading=\"lazy\" decoding=\"async\" itemprop=\"thumbnailUrl\" class=\"alignnone size-full wp-image-1196518 img-responsive\" src=\"https:\/\/www.europesays.com\/fr\/wp-content\/uploads\/2025\/08\/a-partir-de-50-ans-ces-8-comportements-peuvent-reveler-une-solitude-profonde-sans-quon-ne-sen-rende-.jpeg\" alt=\"\" width=\"1200\" height=\"676\"\/> \u00a9<br \/>\nShutterstock<\/p>\n<p>La solitude estivale : un isolement qui frappe jeunes et<br \/>\nseniors<\/p>\n<p>Contrairement aux id\u00e9es re\u00e7ues, la solitude estivale ne touche<br \/>\npas uniquement les personnes \u00e2g\u00e9es. Les jeunes aussi en souffrent<br \/>\nsouvent dans le silence. <a href=\"https:\/\/www.mariefrance.fr\/equilibre\/psycho\/culpabilite-des-vacances-pourquoi-ce-sentiment-touche-de-plus-en-plus-de-francais-selon-des-psychologues-1195807.html\" rel=\"nofollow noopener\" target=\"_blank\"><br \/>\nLe sentiment<\/a> d\u2019exclusion ne conna\u00eet pas d\u2019\u00e2ge, surtout<br \/>\nlorsqu\u2019il s\u2019alimente d\u2019images omnipr\u00e9sentes de bonheur<br \/>\ncollectif.<\/p>\n<p>Les r\u00e9seaux sociaux accentuent ce malaise. Comme le souligne<br \/>\n<a href=\"https:\/\/www.lunion.fr\/id740634\/article\/2025-08-19\/quest-ce-que-la-solitude-estivale-ce-fleau-silencieux-qui-tue-une-personne\" rel=\"nofollow noopener\" target=\"_blank\"><br \/>\nl\u2019Union<\/a>, \u00ab\u00a0les r\u00e9seaux sociaux se transforment en vitrines<br \/>\nde bonheur permanent\u00a0\u00bb. Chaque publication devient alors un<br \/>\nrappel cruel de ce que d\u2019autres vivent et que l\u2019on n\u2019a pas. Une<br \/>\nspirale qui, pour certains, m\u00e8ne au d\u00e9sespoir.<\/p>\n<p><img decoding=\"async\" aria-describedby=\"caption-attachment-1195414\" class=\"size-full wp-image-1195414 img-responsive\" src=\"https:\/\/www.europesays.com\/fr\/wp-content\/uploads\/2025\/08\/regrets-de-fin-de-vie-les-5-phrases-que-lon-entend-le-plus-souvent.jpg\" alt=\"&lt;p&gt;&lt;br data-mce-bogus=\"\/>\u00a0\u00bb width=\u00a0\u00bb1200&Prime; height=\u00a0\u00bb675&Prime;&gt; \u00a9 BaanTaksinStudio\/Shutterstock<\/p>\n<p id=\"caption-attachment-1195414\" class=\"wp-caption-text\">Seuls<br \/>\nface \u00e0 l&rsquo;\u00e9t\u00e9 : jeunes et seniors sont nombreux \u00e0 souffrir d\u2019un<br \/>\nisolement accru pendant la p\u00e9riode estivale, souvent invisibilis\u00e9,<br \/>\nmais aux cons\u00e9quences graves.<\/p>\n<p>Chaleur, rupture de routine, anxi\u00e9t\u00e9 :<br \/>\nun cocktail estival explosif<\/p>\n<p>Au-del\u00e0 de l\u2019isolement social, l\u2019environnement m\u00eame de l\u2019\u00e9t\u00e9<br \/>\npeut aggraver la situation. D&rsquo;apr\u00e8s <a href=\"https:\/\/www.sudinfo.be\/id1028172\/article\/2025-08-15\/cela-tue-une-personne-toutes-les-36-secondes-ce-phenomene-plus-accentue-pendant\" rel=\"nofollow noopener\" target=\"_blank\"><br \/>\nSudinfo<\/a> la chaleur accablante, la lumi\u00e8re intense, la perte des<br \/>\nrep\u00e8res habituels perturbent profond\u00e9ment les plus fragiles.<br \/>\n<strong>Anxi\u00e9t\u00e9, stress, d\u00e9pression estivale<\/strong>\u2026 autant de<br \/>\ntroubles amplifi\u00e9s durant cette p\u00e9riode. Et parfois, <a href=\"https:\/\/www.mariefrance.fr\/equilibre\/sens-plus-moi-meme-chez-femmes-apres-50-ans-6-comportements-subtils-trahissent-solitude-grandissante-1156645.html\" rel=\"nofollow noopener\" target=\"_blank\"><br \/>\nla solitude<\/a> se transforme en dernier silence.<\/p>\n<p>Ce ph\u00e9nom\u00e8ne, bien que document\u00e9, reste encore peu pris en<br \/>\ncompte dans les politiques de pr\u00e9vention. Pourtant, les gestes<br \/>\nsimples peuvent avoir un impact immense. Il faut donc \u00eatre<br \/>\nvigilant, car un simple message, un appel ou un geste, aussi petits<br \/>\nsoient ils, peuvent faire la diff\u00e9rence.<\/p>\n","protected":false},"excerpt":{"rendered":"L\u2019\u00e9t\u00e9, tout semble briller. Les rires fusent autour des barbecues, les verres tintent sur les terrasses, les stories&hellip;\n","protected":false},"author":2,"featured_media":336726,"comment_status":"","ping_status":"","sticky":false,"template":"","format":"standard","meta":{"footnotes":""},"categories":[10],"tags":[21303,1011,27,43274,72,71],"class_list":{"0":"post-336725","1":"post","2":"type-post","3":"status-publish","4":"format-standard","5":"has-post-thumbnail","7":"category-sante","8":"tag-buzz_nonli","9":"tag-fr","10":"tag-france","11":"tag-ga1","12":"tag-health","13":"tag-sante"},"share_on_mastodon":{"url":"https:\/\/pubeurope.com\/@fr\/115073746629062063","error":""},"_links":{"self":[{"href":"https:\/\/www.europesays.com\/fr\/wp-json\/wp\/v2\/posts\/336725","targetHints":{"allow":["GET"]}}],"collection":[{"href":"https:\/\/www.europesays.com\/fr\/wp-json\/wp\/v2\/posts"}],"about":[{"href":"https:\/\/www.europesays.com\/fr\/wp-json\/wp\/v2\/types\/post"}],"author":[{"embeddable":true,"href":"https:\/\/www.europesays.com\/fr\/wp-json\/wp\/v2\/users\/2"}],"replies":[{"embeddable":true,"href":"https:\/\/www.europesays.com\/fr\/wp-json\/wp\/v2\/comments?post=336725"}],"version-history":[{"count":0,"href":"https:\/\/www.europesays.com\/fr\/wp-json\/wp\/v2\/posts\/336725\/revisions"}],"wp:featuredmedia":[{"embeddable":true,"href":"https:\/\/www.europesays.com\/fr\/wp-json\/wp\/v2\/media\/336726"}],"wp:attachment":[{"href":"https:\/\/www.europesays.com\/fr\/wp-json\/wp\/v2\/media?parent=336725"}],"wp:term":[{"taxonomy":"category","embeddable":true,"href":"https:\/\/www.europesays.com\/fr\/wp-json\/wp\/v2\/categories?post=336725"},{"taxonomy":"post_tag","embeddable":true,"href":"https:\/\/www.europesays.com\/fr\/wp-json\/wp\/v2\/tags?post=336725"}],"curies":[{"name":"wp","href":"https:\/\/api.w.org\/{rel}","templated":true}]}}