{"id":336749,"date":"2025-08-22T18:19:10","date_gmt":"2025-08-22T18:19:10","guid":{"rendered":"https:\/\/www.europesays.com\/fr\/336749\/"},"modified":"2025-08-22T18:19:10","modified_gmt":"2025-08-22T18:19:10","slug":"delit-de-fuite-refus-dobtemperer-sans-permis-et-drogue-il-blesse-une-femme-enceinte-puis-fonce-sur-la-police-pres-de-montpellier","status":"publish","type":"post","link":"https:\/\/www.europesays.com\/fr\/336749\/","title":{"rendered":"D\u00e9lit de fuite, refus d\u2019obtemp\u00e9rer\u2026\u00a0: sans permis et drogu\u00e9, il blesse une femme enceinte puis fonce sur la police, pr\u00e8s de Montpellier"},"content":{"rendered":"<p>\n                                                                C\u2019est pour ces diverses infractions commises \u00e0 Gignac le 27\u00a0avril dernier que le mis en cause, \u00e2g\u00e9 de 19 ans, \u00e9tait jug\u00e9 derni\u00e8rement dans le cadre d\u2019une comparution imm\u00e9diate. Le tribunal judiciaire de Montpellier l\u2019a finalement condamn\u00e9 \u00e0 15 mois de prison ferme avec maintien en d\u00e9tention.\n                            <\/p>\n<p>\u00ab\u00a0J\u2019ai fait une connerie\u2026 Je suis jeune.\u00a0\u00bb\u00a0C\u2019est par ces mots que le pr\u00e9venu de 19 ans tente de justifier les faits. Il comparaissait r\u00e9cemment pour des infractions graves, survenues le 27\u00a0avril \u00e0 Gignac\u00a0: conduite sans permis, refus d\u2019obtemp\u00e9rer aggrav\u00e9, blessures involontaires, d\u00e9lit de fuite. Le tout apr\u00e8s avoir pris des stup\u00e9fiants et avec, en prime, trois mois de d\u00e9tention provisoire derri\u00e8re lui.<\/p>\n<p>Ce jour-l\u00e0, il prend la voiture de sa m\u00e8re alors qu\u2019il est d\u00e9nu\u00e9 de permis. \u00c0 vive allure, il d\u00e9rape sur un rond-point, enclenche le frein \u00e0 main, multiplie les man\u0153uvres dangereuses. Il percute une camionnette par l\u2019arri\u00e8re. \u00c0 bord\u00a0: un homme et une femme enceinte de trois mois. Il perd son pare-chocs avant mais ne s\u2019arr\u00eate pas. Il n\u2019h\u00e9site pas ensuite \u00e0 foncer sur un v\u00e9hicule de police municipale arrivant en sens inverse. L\u2019agente \u00e9vite de justesse le choc frontal par un vif coup de volant.<\/p>\n<p>Interpell\u00e9 dans un champ apr\u00e8s les faits, dans un \u00e9tat d\u2019angoisse \u00e9lev\u00e9, le jeune homme est d\u00e9crit par l\u2019expert m\u00e9dical comme impulsif, hyperactif et addict au cannabis depuis ses 12 ans avec une consommation avoisinant les douze joints par jour. Il refuse tout traitement m\u00e9dicamenteux, persuad\u00e9 que \u00ab\u00a0\u00e7a (le) changerait\u00a0\u00bb.<\/p>\n<p>Il purgeait une peine sous bracelet \u00e9lectronique<\/p>\n<p>Une analyse psychologique de l\u2019int\u00e9ress\u00e9 dresse le constat d\u2019une immaturit\u00e9 affective, une forte instabilit\u00e9 \u00e9motionnelle et un versant psychopathique. Malgr\u00e9 une obligation de soins d\u00e9j\u00e0 pos\u00e9e dans une pr\u00e9c\u00e9dente d\u00e9cision, rien n\u2019a \u00e9t\u00e9 suivi. Condamn\u00e9 plusieurs fois par le tribunal pour enfants pour extorsion avec violence et port d\u2019arme blanche, il purgeait une peine am\u00e9nag\u00e9e sous bracelet \u00e9lectronique depuis janvier dernier.<\/p>\n<p>Fuyant le regard des juges, le jeune homme para\u00eet d\u00e9tach\u00e9. Il ne donne aucun des noms des autres passagers apparemment pr\u00e9sents avec lui dans la voiture lors des faits. Il \u00e9voque ses erreurs sans vraiment les assumer.<\/p>\n<p>Il se d\u00e9bat dans le box<\/p>\n<p>Pour son avocat, \u00ab\u00a0c\u2019est un jeune qui cherche \u00e0 exister, \u00e0 \u00eatre vu\u00a0\u00bb. Il plaide pour une peine constructive, \u00e9voque un possible contrat d\u2019apprentissage et rappelle l\u2019\u00e9ducation instable, un p\u00e8re absent et un recours au cannabis v\u00e9cu comme un \u00ab\u00a0m\u00e9dicament\u00a0\u00bb.<\/p>\n<p>Mais le tribunal souligne la gravit\u00e9 des faits et le risque de r\u00e9cidive. La passag\u00e8re enceinte a \u00e9t\u00e9 bless\u00e9e. Les r\u00e8gles les plus \u00e9l\u00e9mentaires de s\u00e9curit\u00e9 ont \u00e9t\u00e9 pi\u00e9tin\u00e9es. Pour la justice, il n\u2019est plus question de sursis.<\/p>\n<p>Le jeune homme est reconnu coupable et condamn\u00e9 \u00e0 15 mois d\u2019emprisonnement ferme. Le maintien en d\u00e9tention est ordonn\u00e9. \u00c0 l\u2019\u00e9nonc\u00e9 du jugement, sa m\u00e8re fond en larmes. Dans le box, son fils se d\u00e9bat violemment avec les policiers, tentant de la rejoindre. Elle hurle son pr\u00e9nom, chancelle, manque de s\u2019\u00e9vanouir. L\u2019audience est suspendue.<\/p>\n","protected":false},"excerpt":{"rendered":"C\u2019est pour ces diverses infractions commises \u00e0 Gignac le 27\u00a0avril dernier que le mis en cause, \u00e2g\u00e9 de&hellip;\n","protected":false},"author":2,"featured_media":336750,"comment_status":"","ping_status":"","sticky":false,"template":"","format":"standard","meta":{"footnotes":""},"categories":[9599],"tags":[1111,11,1777,674,1011,27,2208,12,2680,25],"class_list":{"0":"post-336749","1":"post","2":"type-post","3":"status-publish","4":"format-standard","5":"has-post-thumbnail","7":"category-montpellier","8":"tag-actu","9":"tag-actualites","10":"tag-eu","11":"tag-europe","12":"tag-fr","13":"tag-france","14":"tag-montpellier","15":"tag-news","16":"tag-occitanie","17":"tag-republique-francaise"},"share_on_mastodon":{"url":"https:\/\/pubeurope.com\/@fr\/115073801505821943","error":""},"_links":{"self":[{"href":"https:\/\/www.europesays.com\/fr\/wp-json\/wp\/v2\/posts\/336749","targetHints":{"allow":["GET"]}}],"collection":[{"href":"https:\/\/www.europesays.com\/fr\/wp-json\/wp\/v2\/posts"}],"about":[{"href":"https:\/\/www.europesays.com\/fr\/wp-json\/wp\/v2\/types\/post"}],"author":[{"embeddable":true,"href":"https:\/\/www.europesays.com\/fr\/wp-json\/wp\/v2\/users\/2"}],"replies":[{"embeddable":true,"href":"https:\/\/www.europesays.com\/fr\/wp-json\/wp\/v2\/comments?post=336749"}],"version-history":[{"count":0,"href":"https:\/\/www.europesays.com\/fr\/wp-json\/wp\/v2\/posts\/336749\/revisions"}],"wp:featuredmedia":[{"embeddable":true,"href":"https:\/\/www.europesays.com\/fr\/wp-json\/wp\/v2\/media\/336750"}],"wp:attachment":[{"href":"https:\/\/www.europesays.com\/fr\/wp-json\/wp\/v2\/media?parent=336749"}],"wp:term":[{"taxonomy":"category","embeddable":true,"href":"https:\/\/www.europesays.com\/fr\/wp-json\/wp\/v2\/categories?post=336749"},{"taxonomy":"post_tag","embeddable":true,"href":"https:\/\/www.europesays.com\/fr\/wp-json\/wp\/v2\/tags?post=336749"}],"curies":[{"name":"wp","href":"https:\/\/api.w.org\/{rel}","templated":true}]}}