{"id":336753,"date":"2025-08-22T18:21:11","date_gmt":"2025-08-22T18:21:11","guid":{"rendered":"https:\/\/www.europesays.com\/fr\/336753\/"},"modified":"2025-08-22T18:21:11","modified_gmt":"2025-08-22T18:21:11","slug":"ferme-depuis-deux-mois-dans-le-centre-ville-de-rouen-le-diapason-est-remplace-par-un-nouveau-restaurant","status":"publish","type":"post","link":"https:\/\/www.europesays.com\/fr\/336753\/","title":{"rendered":"Ferm\u00e9 depuis deux mois dans le centre-ville de Rouen, le Diapason est remplac\u00e9 par un nouveau restaurant"},"content":{"rendered":"<p>            Par<br \/>\n        <strong><br \/>\n            <a href=\"https:\/\/actu.fr\/auteur\/yann-rivallan\" title=\"Consulter tous les articles de Yann Rivallan\" rel=\"nofollow noopener\" target=\"_blank\">Yann Rivallan<\/a><br \/>\n        <\/strong><\/p>\n<p>        Publi\u00e9 le<\/p>\n<p>            22 ao\u00fbt 2025 \u00e0 18h14        <\/p>\n<p>Il avait ferm\u00e9 au mois de mai\u00a02025 en m\u00eame temps que <a href=\"https:\/\/actu.fr\/normandie\/rouen_76540\/info-76actu-un-mythique-restaurant-de-rouen-et-d-autres-enseignes-ferment-brutalement_62638329.html\" rel=\"nofollow noopener\" target=\"_blank\">tous les \u00e9tablissements du groupe Amaroche<\/a>. <strong>Le Diapason<\/strong>, bar de l\u2019all\u00e9e Eug\u00e8ne-Delacroix \u00e0 <a href=\"https:\/\/actu.fr\/normandie\/rouen_76540\" rel=\"nofollow noopener\" target=\"_blank\">Rouen<\/a>, a trouv\u00e9 un repreneur. Le restaurant change de nom et d\u2019identit\u00e9.<\/p>\n<p>Un mois de travaux<\/p>\n<p class=\" wall-content\">D\u00e9sormais, place \u00e0 La Cr\u00eape dans le Bec. Comme son nom l\u2019indique, il s\u2019agit d\u2019une <strong>cr\u00eaperie<\/strong>. Mais pas seulement\u2026 Elle a ouvert ses portes le 14\u00a0ao\u00fbt dernier apr\u00e8s un bon mois de travaux pour remettre en ordre l\u2019\u00e9tablissement.<\/p>\n<p>    <img   decoding=\"async\" loading=\"lazy\" src=\"https:\/\/www.europesays.com\/fr\/wp-content\/uploads\/2025\/08\/la-crepe-dans-le-bec-restaurant-rouen-960x640.jpg\" alt=\"Pendant pr\u00e8s d'un mois, les repreneurs du Diapason ont travaill\u00e9 d'arrache-pied pour transformer l'\u00e9tablissement.\" width=\"960\" height=\"640\"\/><br \/>\n    Pendant pr\u00e8s d\u2019un mois, les repreneurs du Diapason ont travaill\u00e9 d\u2019arrache-pied pour transformer l\u2019\u00e9tablissement. (\u00a9YR\/76actu)<\/p>\n<p class=\" wall-content\">\u00c0 sa t\u00eate, David Tuchband. Originaire du d\u00e9partement de l\u2019Eure, il ouvre \u00e0 Rouen <strong>son cinqui\u00e8me restaurant<\/strong> La Cr\u00eape dans le Bec. Une enseigne qu\u2019il a cofond\u00e9 avec sa femme en 2012 dans la petite commune du Bec-Hellouin. D\u2019o\u00f9 le nom\u2026<\/p>\n<p>Venir \u00e0 Rouen, \u00ab\u2009un challenge\u2009\u00bb<\/p>\n<p class=\" wall-content\">Venir s\u2019installer \u00e0 Rouen, \u00ab\u2009c\u2019est un challenge\u2009\u00bb, confie le restaurateur \u00e9galement \u00e0 la t\u00eate de trois restaurants de la franchise Oncle Scott.<\/p>\n<blockquote class=\"ac-article-quote wall-content\">\n<p>J&rsquo;avais \u00e9t\u00e9 averti depuis un moment des difficult\u00e9s du groupe Amaroche [l&rsquo;ancien g\u00e9rant du Diapason]. Une opportunit\u00e9 s&rsquo;est pr\u00e9sent\u00e9e et on l&rsquo;a saisie.<\/p>\n<p>    <strong>David Tuchband<\/strong><br \/>\n        Restaurateur et fondateur de La Cr\u00eape dans le Bec    <\/p><\/blockquote>\n<p class=\" wall-content\">Apr\u00e8s avoir ouvert dans plusieurs petites villes du d\u00e9partement de l\u2019Eure et du Calvados (Pont-Audemer, Menneval, Lisieux, etc.), il veut tenter l\u2019aventure <strong>dans une grande ville<\/strong>.<\/p>\n<p>Cr\u00eaperie et brasserie<\/p>\n<p class=\" wall-content\">Pour ceux qui ne conna\u00eetraient pas encore, La Cr\u00eape dans le Bec propose une carte avec un large choix de galettes et de cr\u00eapes, mais aussi avec <strong>une partie brasserie<\/strong> o\u00f9 l\u2019on retrouve \u00ab\u2009des burgers, des entrec\u00f4tes, des salades, etc.\u2009\u00bb, pr\u00e9sente David Tuchband.<\/p>\n<p>Votre r\u00e9gion, votre actu !<\/p>\n<p>Recevez chaque jour les infos qui comptent pour vous.<\/p>\n<p>\t<a href=\"https:\/\/actu.fr\/newsletter\" class=\"ac-btn ac-btn--corner ac-btn--medium ac-btn--blue800\" rel=\"nofollow noopener\" target=\"_blank\">S&rsquo;incrire<\/a><\/p>\n<p class=\" wall-content\">Dans ce nouvel \u00e9tablissement de Rouen, comptez environ <strong>70 places en int\u00e9rieur<\/strong> et pr\u00e8s d\u2019une soixantaine en terrasse. \u00ab\u2009On propose une formule le midi avec un plat du jour et une galette du jour\u2009\u00bb, poursuit le patron.<\/p>\n<p class=\" wall-content\">Mais ce n\u2019est pas tout\u2009: \u00ab\u2009On a aussi une offre sucr\u00e9e sal\u00e9e l\u2019apr\u00e8s-midi et on va aussi avoir un c\u00f4t\u00e9 bar avec des cocktails\u2009\u00bb. Bref, une large proposition pour essayer de se d\u00e9marquer de la concurrence. Le but, \u00ab\u2009c\u2019est de casser l\u2019image qu\u2019avait le Diapason\u2009\u00bb, conclut David Tuchband.<\/p>\n<p>Suivez l\u2019actualit\u00e9 de Rouen sur <a href=\"https:\/\/www.whatsapp.com\/channel\/0029VaKfnf99hXF2ddApFB1D\" rel=\"nofollow noopener\" target=\"_blank\">notre cha\u00eene WhatsApp<\/a> et sur <a href=\"https:\/\/www.tiktok.com\/@76actu.fr?lang=fr\" rel=\"nofollow noopener\" target=\"_blank\">notre compte TikTok<\/a><\/p>\n<p class=\" wall-content\">Personnalisez votre actualit\u00e9 en ajoutant vos villes et m\u00e9dias en favori avec <a href=\"https:\/\/moncompte.actu.fr\" title=\"D\u00e9couvez Mon Actu\" rel=\"nofollow noopener\" data-trk=\"{&quot;cta&quot;:{&quot;action&quot;:&quot;https:\\\/\\\/moncompte.actu.fr&quot;,&quot;category&quot;:&quot;mon compte&quot;,&quot;from&quot;:&quot;article footer&quot;,&quot;name&quot;:&quot;Mon actu&quot;,&quot;type&quot;:&quot;cta&quot;}}\" target=\"_blank\">Mon Actu<\/a>.<\/p>\n<p>                    <script async src=\"\/\/www.tiktok.com\/embed.js\"><\/script><\/p>\n","protected":false},"excerpt":{"rendered":"Par Yann Rivallan Publi\u00e9 le 22 ao\u00fbt 2025 \u00e0 18h14 Il avait ferm\u00e9 au mois de mai\u00a02025 en&hellip;\n","protected":false},"author":2,"featured_media":336754,"comment_status":"","ping_status":"","sticky":false,"template":"","format":"standard","meta":{"footnotes":""},"categories":[9587],"tags":[1111,11,9086,215,1777,674,1011,27,1652,12,5161,25,1340,9590],"class_list":{"0":"post-336753","1":"post","2":"type-post","3":"status-publish","4":"format-standard","5":"has-post-thumbnail","7":"category-rouen","8":"tag-actu","9":"tag-actualites","10":"tag-bon-plan-a-rouen","11":"tag-commerce","12":"tag-eu","13":"tag-europe","14":"tag-fr","15":"tag-france","16":"tag-loisirs-culture","17":"tag-news","18":"tag-normandie","19":"tag-republique-francaise","20":"tag-restaurant","21":"tag-rouen"},"share_on_mastodon":{"url":"https:\/\/pubeurope.com\/@fr\/115073809576939928","error":""},"_links":{"self":[{"href":"https:\/\/www.europesays.com\/fr\/wp-json\/wp\/v2\/posts\/336753","targetHints":{"allow":["GET"]}}],"collection":[{"href":"https:\/\/www.europesays.com\/fr\/wp-json\/wp\/v2\/posts"}],"about":[{"href":"https:\/\/www.europesays.com\/fr\/wp-json\/wp\/v2\/types\/post"}],"author":[{"embeddable":true,"href":"https:\/\/www.europesays.com\/fr\/wp-json\/wp\/v2\/users\/2"}],"replies":[{"embeddable":true,"href":"https:\/\/www.europesays.com\/fr\/wp-json\/wp\/v2\/comments?post=336753"}],"version-history":[{"count":0,"href":"https:\/\/www.europesays.com\/fr\/wp-json\/wp\/v2\/posts\/336753\/revisions"}],"wp:featuredmedia":[{"embeddable":true,"href":"https:\/\/www.europesays.com\/fr\/wp-json\/wp\/v2\/media\/336754"}],"wp:attachment":[{"href":"https:\/\/www.europesays.com\/fr\/wp-json\/wp\/v2\/media?parent=336753"}],"wp:term":[{"taxonomy":"category","embeddable":true,"href":"https:\/\/www.europesays.com\/fr\/wp-json\/wp\/v2\/categories?post=336753"},{"taxonomy":"post_tag","embeddable":true,"href":"https:\/\/www.europesays.com\/fr\/wp-json\/wp\/v2\/tags?post=336753"}],"curies":[{"name":"wp","href":"https:\/\/api.w.org\/{rel}","templated":true}]}}