{"id":336755,"date":"2025-08-22T18:22:16","date_gmt":"2025-08-22T18:22:16","guid":{"rendered":"https:\/\/www.europesays.com\/fr\/336755\/"},"modified":"2025-08-22T18:22:16","modified_gmt":"2025-08-22T18:22:16","slug":"direct-video-football-rouen-fc-sochaux-montbeliard","status":"publish","type":"post","link":"https:\/\/www.europesays.com\/fr\/336755\/","title":{"rendered":"Direct vid\u00e9o : football, Rouen \u2013 FC Sochaux-Montb\u00e9liard"},"content":{"rendered":"<p><img decoding=\"async\" src=\"https:\/\/www.europesays.com\/fr\/wp-content\/uploads\/2025\/08\/direct-video.jpg\" alt=\"\" title=\"direct-video\"\/><br \/>\n(photo Adobe Stock \/ Denniro)<\/p>\n<p>Suivez en direct vid\u00e9o sur ToutMontbeliard.com, gr\u00e2ce \u00e0 <a href=\"https:\/\/ffftv.fff.fr\/\" target=\"_blank\" rel=\"noopener nofollow\">FFF TV<\/a>, le match de ce vendredi 22 ao\u00fbt 2025 \u00e0 19h30 Rouen \u2013 FC Sochaux-Montb\u00e9liard, comptant pour la 3\u00e8me journ\u00e9e de National 1 saison 2025-2026.<\/p>\n<p>infos &gt; <a href=\"https:\/\/www.youtube.com\/live\/s_BE3UUBgvw?si=WsbSreTFODf5nlBD\" target=\"_blank\" rel=\"noopener nofollow\">Youtube \u00ab\u00a0Championnat National Officiel\u00a0\u00bb<\/a><\/p>\n<p>\ufeff<\/p>\n<p>Partager\u00a0l&rsquo;information ToutMontbeliard.com :\tSOUTENEZ TOUTMONTBELIARD.COM<a href=\"https:\/\/www.helloasso.com\/associations\/awebnet\/formulaires\/1\" target=\"_blank\" rel=\"noopener nofollow\"><img loading=\"lazy\" decoding=\"async\" data-recalc-dims=\"1\" class=\"aligncenter size-full wp-image-65067\" src=\"https:\/\/www.europesays.com\/fr\/wp-content\/uploads\/2025\/08\/soutien.jpg\" alt=\"\" width=\"678\" height=\"377\"\/><\/a>ABONNEZ-VOUS<a href=\"https:\/\/www.toutmontbeliard.com\/abonnements\" target=\"_blank\" rel=\"noopener nofollow\"><img loading=\"lazy\" decoding=\"async\" data-recalc-dims=\"1\" class=\"aligncenter size-full wp-image-65067\" src=\"https:\/\/www.europesays.com\/fr\/wp-content\/uploads\/2025\/08\/abonnement.jpg\" alt=\"\" width=\"678\" height=\"377\"\/><\/a><\/p>\n","protected":false},"excerpt":{"rendered":"(photo Adobe Stock \/ Denniro) Suivez en direct vid\u00e9o sur ToutMontbeliard.com, gr\u00e2ce \u00e0 FFF TV, le match de&hellip;\n","protected":false},"author":2,"featured_media":105055,"comment_status":"","ping_status":"","sticky":false,"template":"","format":"standard","meta":{"footnotes":""},"categories":[9587],"tags":[1111,11,1777,674,1011,27,12,5161,25,9590],"class_list":{"0":"post-336755","1":"post","2":"type-post","3":"status-publish","4":"format-standard","5":"has-post-thumbnail","7":"category-rouen","8":"tag-actu","9":"tag-actualites","10":"tag-eu","11":"tag-europe","12":"tag-fr","13":"tag-france","14":"tag-news","15":"tag-normandie","16":"tag-republique-francaise","17":"tag-rouen"},"share_on_mastodon":{"url":"https:\/\/pubeurope.com\/@fr\/115073813378377027","error":""},"_links":{"self":[{"href":"https:\/\/www.europesays.com\/fr\/wp-json\/wp\/v2\/posts\/336755","targetHints":{"allow":["GET"]}}],"collection":[{"href":"https:\/\/www.europesays.com\/fr\/wp-json\/wp\/v2\/posts"}],"about":[{"href":"https:\/\/www.europesays.com\/fr\/wp-json\/wp\/v2\/types\/post"}],"author":[{"embeddable":true,"href":"https:\/\/www.europesays.com\/fr\/wp-json\/wp\/v2\/users\/2"}],"replies":[{"embeddable":true,"href":"https:\/\/www.europesays.com\/fr\/wp-json\/wp\/v2\/comments?post=336755"}],"version-history":[{"count":0,"href":"https:\/\/www.europesays.com\/fr\/wp-json\/wp\/v2\/posts\/336755\/revisions"}],"wp:featuredmedia":[{"embeddable":true,"href":"https:\/\/www.europesays.com\/fr\/wp-json\/wp\/v2\/media\/105055"}],"wp:attachment":[{"href":"https:\/\/www.europesays.com\/fr\/wp-json\/wp\/v2\/media?parent=336755"}],"wp:term":[{"taxonomy":"category","embeddable":true,"href":"https:\/\/www.europesays.com\/fr\/wp-json\/wp\/v2\/categories?post=336755"},{"taxonomy":"post_tag","embeddable":true,"href":"https:\/\/www.europesays.com\/fr\/wp-json\/wp\/v2\/tags?post=336755"}],"curies":[{"name":"wp","href":"https:\/\/api.w.org\/{rel}","templated":true}]}}