{"id":336756,"date":"2025-08-22T18:25:51","date_gmt":"2025-08-22T18:25:51","guid":{"rendered":"https:\/\/www.europesays.com\/fr\/336756\/"},"modified":"2025-08-22T18:25:51","modified_gmt":"2025-08-22T18:25:51","slug":"pro-d2-saga-grenoble-on-a-realise-lirrealisable-le-fcg-devra-oublier-ses-echecs-pour-enfin-retrouver-le-top-14","status":"publish","type":"post","link":"https:\/\/www.europesays.com\/fr\/336756\/","title":{"rendered":"Pro D2 \u2013 Saga Grenoble. \u00ab\u00a0On a r\u00e9alis\u00e9 l\u2019irr\u00e9alisable\u00a0\u00bb\u00a0: le FCG devra oublier ses \u00e9checs pour enfin retrouver le Top 14"},"content":{"rendered":"<p>\n                Apr\u00e8s avoir \u00e9chou\u00e9 six fois cons\u00e9cutivement \u00e0 monter, les Is\u00e9rois doivent encore se remobiliser pour esp\u00e9rer rejoindre le Top 14. Pour cela, Grenoble mise sur la stabilit\u00e9 comme sur un recrutement qualitatif et cibl\u00e9.\n            <\/p>\n<p><strong><a href=\"https:\/\/www.rugbyrama.fr\/equipe\/fc-grenoble\/\" target=\"_self\" rel=\"nofollow noopener\">Cette saison, Grenoble<\/a><\/strong> se serait bien vu la disputer en Top 14\u2026 Longtemps leader de la deuxi\u00e8me division, le FCG est vite devenu le mastodonte de l\u2019antichambre de l\u2019\u00e9lite. Las, face \u00e0 la surprise Montauban, pour une troisi\u00e8me fois cons\u00e9cutive, les Is\u00e9rois se sont inclin\u00e9s en finale de la division puis lors du barrage d\u2019accession. \u00ab\u00a0On a tout simplement r\u00e9alis\u00e9 l\u2019irr\u00e9alisable\u00a0\u00bb, soufflait le pr\u00e9sident du FCG Pascal Goffi.<\/p>\n<p><strong><a href=\"https:\/\/www.rugbyrama.fr\/2025\/08\/13\/pro-d2-il-fallait-soigner-quelques-blessures-physiques-et-mentales-affirme-aubin-hueber-avant-le-premier-match-amical-de-grenoble-12873102.php\" target=\"_self\" rel=\"nofollow noopener\">Il sera int\u00e9ressant de voir si les Rouge et Bleu sont sortis de cette saison sonn\u00e9s<\/a><\/strong> ou revanchards. Alors que la Pro D2 sera encore dense (Brive, vannes, Provence Rugby\u2026), Grenoble a aussi frapp\u00e9 fort en recrutant peu mais qualitativement avec <strong><a href=\"https:\/\/www.rugbyrama.fr\/2025\/08\/10\/exclu-midol-transferts-le-fc-grenoble-soffre-un-perpignanais-en-pret-12868988.php\" target=\"_self\" rel=\"nofollow noopener\">des joueurs connaissant le Top 14 mais aussi la Pro D2<\/a><\/strong> comme Romain Ruffenach, Raffaele Costa Storti ou Aur\u00e9lien Callandret. Cette fois-ci, les Grenoblois n\u2019ont pas envie de se manquer\u2026<\/p>\n<p><strong>Arriv\u00e9es\u00a0<\/strong>: Romain Ruffenach (talonneur, Pau), Josh Thompson (deuxi\u00e8me ligne, Western Force), Tristan Labouteley (deuxi\u00e8me ligne, Perpignan), Aur\u00e9lien Callandret (ailier, Bayonne), Raffaele Costa Storti (ailier, Stade fran\u00e7ais).<\/p>\n<p><strong>D\u00e9parts\u00a0<\/strong>: Mathis Sarragallet (talonneur, Lyon), Thomas Lainault (deuxi\u00e8me ligne, Racing 92), Pio Muarua (troisi\u00e8me ligne, Clermont), Bautista Ezcurra (centre, Mont-de-Marsan), Geoffrey Cros (ailier, Brive), Wilfried Hulleu (ailier, Racing 92), Pierce Phillips (deuxi\u00e8me ligne).<\/p>\n<p>    Le XV type<\/p>\n<p>15. Farnoux\u00a0; 14. Mouton, 13. Fusier, 12. H\u00e9riteau, 11. Costa Storti\u00a0; 10. Davies, 9. Couilloud\u00a0; 7. Martel, 8. Hardwick, 6. Duarte Madeira\u00a0; 5. Javakhia, 4. Ployet\u00a0; 3. Jonker, 2. Ruffenach, 1. Raynaud.<\/p>\n<ul>\n<li>\n\tLe joueur \u00e0 suivre\u00a0: Ployet, \u00e0 l\u2019heure de l\u2019envol\n\t<\/li>\n<\/ul>\n<p><strong>Poste\u00a0: <\/strong>deuxi\u00e8me ligne<\/p>\n<p><strong>N\u00e9 le\u00a0:<\/strong> 12\u00a0d\u00e9cembre 2001<\/p>\n<p><strong>Taille\u00a0:<\/strong> 2,03\u00a0m\u00a0; <strong>Poids\u00a0:<\/strong> 110\u00a0kg<\/p>\n<p>Pr\u00eat\u00e9 par La\u00a0Rochelle la saison derni\u00e8re, le deuxi\u00e8me ligne Thomas Ployet a \u00e9t\u00e9 l\u2019une des belles satisfactions du d\u00e9but de saison des Is\u00e9rois. Cela, malheureusement, jusqu\u2019\u00e0 ce qu\u2019une s\u00e9v\u00e8re entorse du genou gauche r\u00e9colt\u00e9e en fin de match \u00e0 Agen le 28\u00a0mars sonne la fin de la saison. D\u2019autant plus frustrant que, s\u2019il \u00e9tait physiquement r\u00e9tabli au moment des phases finales, le deuxi\u00e8me ligne n\u2019entrait plus dans les plans du staff en raison de son manque de rythme\u2026 Voil\u00e0 pourquoi, pour sa deuxi\u00e8me saison de pr\u00eat au pied des Alpes, le joueur form\u00e9 du c\u00f4t\u00e9 de Chinon s\u2019avancera particuli\u00e8rement revanchard et d\u00e9termin\u00e9. Un \u00e9tat d\u2019esprit d\u2019autant plus int\u00e9ressant que le FCG a perdu ses deux deuxi\u00e8me ligne titulaires lors de l\u2019intersaison, Thomas Lainault ayant pris au dernier moment la direction du Racing 92, alors que le d\u00e9part de Pierce Phillips avait \u00e9t\u00e9 act\u00e9 bien plus t\u00f4t dans la saison. De quoi offrir un boulevard \u00e0 Thomas Ployet pour s\u2019affirmer comme titulaire indiscutable\u00a0? C\u2019est \u00e0 peu pr\u00e8s cela, oui. Un challenge qui appara\u00eet d\u2019autant moins irr\u00e9alisable que l\u2019ancien international U20 a affich\u00e9 de grosses qualit\u00e9s, notamment dans l\u2019alignement en touche. Alors, ajoutez \u00e0 cela une capacit\u00e9 de d\u00e9placement au-dessus du lot, de r\u00e9elles qualit\u00e9s ballon en main et un certain sens du sacrifice dans le combat, et vous comprendrez un peu mieux pourquoi Thomas Ployet doit d\u00e9finitivement incarner le renouveau du FCG cette saison. Du moins, c\u2019est ce que le club attend de lui\u2026<\/p>\n<p><strong>Pr\u00e9sident de la SASP\u00a0:<\/strong> Patrick Goffi\u00a0<strong>Directeur g\u00e9n\u00e9ral\u00a0:<\/strong> David Dussert<br \/><strong>Directeur du centre de formation\u00a0:<\/strong> Franck Corrihons<br \/><strong>Budget de la SASP\u00a0: <\/strong>13\u00a0millions d\u2019euros<br \/><strong>Principaux partenaires\u00a0:<\/strong> Hardis group, ECM Technologies, Work 2000, Grenoble Logistique Distribution, SD Services, HRS, Eos Groupe, Cr\u00e9dit Agricole Sud Rh\u00f4ne Alpes, Vicat, Groupe Samse, Mutualia, Ville de Grenoble, Grenoble Alpes M\u00e9tropole, R\u00e9gion AuRA, D\u00e9partemental de l\u2019Is\u00e8re, Nissan, Hybord Distribution, BymyCar<br \/><strong>\u00c9quipementier\u00a0:<\/strong> Nike<br \/><strong>Contrats professionnels\u00a0:<\/strong> 36<br \/><strong>Contrats espoirs\u00a0:<\/strong> 10<br \/><strong>Stagiaires centre de formation\u00a0: <\/strong>20<br \/><strong>Directeur sportif\u00a0: <\/strong>Aubin Hueber<br \/><strong>Entra\u00eeneurs\u00a0:<\/strong> Patrick Pezery (avants), Nicolas Nadau (trois-quarts), Lionel Ringeval (d\u00e9fense), Danie De Beer (jeu au pied)<br \/><strong>Performance\u00a0:<\/strong> Romain Gu\u00e9rin (directeur), Viktor Maquaire, Andry Cahuzac (pr\u00e9parateurs)<br \/><strong>Analyse\u00a0:<\/strong> Luke Burke (responsable), Julien Bergeon (vid\u00e9o), Cl\u00e9ment Turrel (data)<br \/><strong>M\u00e9decins\u00a0:<\/strong> Thibault Fouquet, Thibaut Barbe<br \/><strong>Kin\u00e9s\u00a0:<\/strong> Alex Hugonnard, Antonin Cherbonnel, J\u00e9r\u00e9mie Chevillotte<br \/><strong>Team Manager\u00a0:<\/strong> Margot Holaind<\/p>\n","protected":false},"excerpt":{"rendered":"Apr\u00e8s avoir \u00e9chou\u00e9 six fois cons\u00e9cutivement \u00e0 monter, les Is\u00e9rois doivent encore se remobiliser pour esp\u00e9rer rejoindre le&hellip;\n","protected":false},"author":2,"featured_media":336757,"comment_status":"","ping_status":"","sticky":false,"template":"","format":"standard","meta":{"footnotes":""},"categories":[9566],"tags":[1111,11,2430,1777,674,1011,27,2731,12,25],"class_list":{"0":"post-336756","1":"post","2":"type-post","3":"status-publish","4":"format-standard","5":"has-post-thumbnail","7":"category-grenoble","8":"tag-actu","9":"tag-actualites","10":"tag-auvergne-rhone-alpes","11":"tag-eu","12":"tag-europe","13":"tag-fr","14":"tag-france","15":"tag-grenoble","16":"tag-news","17":"tag-republique-francaise"},"share_on_mastodon":{"url":"https:\/\/pubeurope.com\/@fr\/115073828917375788","error":""},"_links":{"self":[{"href":"https:\/\/www.europesays.com\/fr\/wp-json\/wp\/v2\/posts\/336756","targetHints":{"allow":["GET"]}}],"collection":[{"href":"https:\/\/www.europesays.com\/fr\/wp-json\/wp\/v2\/posts"}],"about":[{"href":"https:\/\/www.europesays.com\/fr\/wp-json\/wp\/v2\/types\/post"}],"author":[{"embeddable":true,"href":"https:\/\/www.europesays.com\/fr\/wp-json\/wp\/v2\/users\/2"}],"replies":[{"embeddable":true,"href":"https:\/\/www.europesays.com\/fr\/wp-json\/wp\/v2\/comments?post=336756"}],"version-history":[{"count":0,"href":"https:\/\/www.europesays.com\/fr\/wp-json\/wp\/v2\/posts\/336756\/revisions"}],"wp:featuredmedia":[{"embeddable":true,"href":"https:\/\/www.europesays.com\/fr\/wp-json\/wp\/v2\/media\/336757"}],"wp:attachment":[{"href":"https:\/\/www.europesays.com\/fr\/wp-json\/wp\/v2\/media?parent=336756"}],"wp:term":[{"taxonomy":"category","embeddable":true,"href":"https:\/\/www.europesays.com\/fr\/wp-json\/wp\/v2\/categories?post=336756"},{"taxonomy":"post_tag","embeddable":true,"href":"https:\/\/www.europesays.com\/fr\/wp-json\/wp\/v2\/tags?post=336756"}],"curies":[{"name":"wp","href":"https:\/\/api.w.org\/{rel}","templated":true}]}}