{"id":336758,"date":"2025-08-22T18:28:17","date_gmt":"2025-08-22T18:28:17","guid":{"rendered":"https:\/\/www.europesays.com\/fr\/336758\/"},"modified":"2025-08-22T18:28:17","modified_gmt":"2025-08-22T18:28:17","slug":"fc-lorient-rennes-tout-ce-quil-faut-savoir-avant-le-premier-derby-de-la-saison-au-moustoir","status":"publish","type":"post","link":"https:\/\/www.europesays.com\/fr\/336758\/","title":{"rendered":"FC Lorient &#8211; Rennes\u00a0: tout ce qu\u2019il faut savoir avant le premier derby de la saison au\u00a0Moustoir"},"content":{"rendered":"<p>Inutile de vous pr\u00e9senter au dernier moment au stade du Moustoir, ce dimanche 24 ao\u00fbt, pour assister au match du FC Lorient contre Rennes, \u00e0 15\u00a0h. Ce premier match \u00e0 domicile de la saison 2025-2026, qui signe le retour des Merlus en Ligue 1, se jouera \u00e0 guichets ferm\u00e9s.<\/p>\n<p>Un stade amput\u00e9 d\u2019une tribune<\/p>\n<p>En revanche, le stade ne sera pas plein. Pour ce premier derby de la saison, la<a href=\"https:\/\/www.letelegramme.fr\/sports\/football\/fc-lorient\/cest-vraiment-dommage-le-fc-lorient-sera-prive-de-sa-tribune-sud-au-moustoir-pour-son-premier-match-a-domicile-en-ligue-1-6871056.php\" target=\"_blank\" rel=\"noopener\"> tribune sud restera ferm\u00e9e<\/a> \u00e0 la suite d\u2019une sanction de la commission de discipline de la LFP (Ligue de football professionnel) pour un usage abusif de fumig\u00e8nes et autres engins pyrotechniques, la saison derni\u00e8re, mais aussi de l\u2019envahissement du terrain le 26 avril dernier. Ce soir-l\u00e0, apr\u00e8s la victoire contre Caen (4-0) qui signait la remont\u00e9e du club en Ligue 1, les supporters sont spontan\u00e9ment descendus sur la pelouse du Moustoir. 4\u00a0342 places resteront vides ce dimanche. 2\u00a0000 abonn\u00e9s ont \u00e9t\u00e9 replac\u00e9s dans les autres tribunes mais pas les Ultras du kop sud.<\/p>\n<p>Des animations \u00e0 partir de 13\u00a0h<\/p>\n<p>Les animations d\u00e9marrent \u00e0 13\u00a0h, ce dimanche, sur la fan zone. Au programme\u00a0: le bagad de Lorient, l\u2019arriv\u00e9e des joueurs \u00e0 13\u00a0h\u00a025 et l\u2019ouverture des portes \u00e0 13\u00a0h\u00a030. Si les gradins de la tribune sud restent ferm\u00e9s, les portes de cette m\u00eame tribune et ses corners seront bien accessibles.<\/p>\n<p>Un hommage sera rendu \u00e0 <a href=\"https:\/\/www.letelegramme.fr\/morbihan\/lorient-56100\/disparition-de-jacky-guegan-ancien-president-du-fc-quimperle-et-vice-president-du-fc-lorient-6870964.php\" target=\"_blank\" rel=\"noopener\">Jacky Gu\u00e9gan<\/a>, r\u00e9cemment d\u00e9c\u00e9d\u00e9, \u00e0 14\u00a0h\u00a045. Il \u00e9tait ancien vice-pr\u00e9sident du club et membre du conseil d\u2019administration. Apr\u00e8s le match, les animations se poursuivent dans la coursive nord avec la venue d\u2019un joueur.<\/p>\n<p>Des acc\u00e8s au stade modifi\u00e9s<\/p>\n<p>Les travaux du futur skate parc du Moustoir ayant d\u00e9marr\u00e9, les acc\u00e8s au stade vont \u00eatre un peu chamboul\u00e9s durant cette saison. Au moins jusqu\u2019\u00e0 f\u00e9vrier, pr\u00e9cise le club. L\u2019acc\u00e8s aux portes A et E ne change pas. En revanche, la porte C, entre la tribune nord et la tribune Jean Floch, se trouve \u00e0 proximit\u00e9 du chantier. L\u2019acc\u00e8s par la partie basse est ferm\u00e9. On pourra continuer \u00e0 y acc\u00e9der par la piste d\u2019athl\u00e9tisme ou un chemin pi\u00e9ton, redessin\u00e9 depuis l\u2019immeuble des \u00e9chasses. \u00ab\u00a0Le public peut garder ses habitudes, mais doit arriver le plus t\u00f4t possible\u00a0\u00bb, indique Emmanuel Robert, le directeur du d\u00e9veloppement du club. Le parking derri\u00e8re la tribune Jean Floch a \u00e9t\u00e9 \u00e9galement amput\u00e9 de 140 places. \u00ab\u00a0Tout le monde a \u00e9t\u00e9 replac\u00e9\u00a0\u00bb, pr\u00e9cise-t-il.<\/p>\n<p>Des supporters encadr\u00e9s<\/p>\n<p>Pour ce premier derby breton de la saison au Moustoir, on attend de nombreux supporters rennais, dont 700 dans le parcage visiteurs. Pr\u00e8s de 400 arriveront en car. La rencontre est class\u00e9e au niveau de risque 2 (sur une \u00e9chelle de 1 \u00e0 5) par la division nationale de lutte contre le hooliganisme du minist\u00e8re de l\u2019Int\u00e9rieur. Des Ultras du kop sud n\u2019ayant pas d\u2019acc\u00e8s au stade, les supporters du kop nord devront redoubler d\u2019applaudissements et d\u2019encouragements pour porter les Merlus vers la victoire.<\/p>\n","protected":false},"excerpt":{"rendered":"Inutile de vous pr\u00e9senter au dernier moment au stade du Moustoir, ce dimanche 24 ao\u00fbt, pour assister au&hellip;\n","protected":false},"author":2,"featured_media":336759,"comment_status":"","ping_status":"","sticky":false,"template":"","format":"standard","meta":{"footnotes":""},"categories":[2821],"tags":[1111,11,829,1777,674,3317,63,1011,27,1781,12,584,25],"class_list":{"0":"post-336758","1":"post","2":"type-post","3":"status-publish","4":"format-standard","5":"has-post-thumbnail","7":"category-rennes","8":"tag-actu","9":"tag-actualites","10":"tag-bretagne","11":"tag-eu","12":"tag-europe","13":"tag-fc-lorient","14":"tag-football","15":"tag-fr","16":"tag-france","17":"tag-lorient","18":"tag-news","19":"tag-rennes","20":"tag-republique-francaise"},"share_on_mastodon":{"url":"https:\/\/pubeurope.com\/@fr\/115073836944714783","error":""},"_links":{"self":[{"href":"https:\/\/www.europesays.com\/fr\/wp-json\/wp\/v2\/posts\/336758","targetHints":{"allow":["GET"]}}],"collection":[{"href":"https:\/\/www.europesays.com\/fr\/wp-json\/wp\/v2\/posts"}],"about":[{"href":"https:\/\/www.europesays.com\/fr\/wp-json\/wp\/v2\/types\/post"}],"author":[{"embeddable":true,"href":"https:\/\/www.europesays.com\/fr\/wp-json\/wp\/v2\/users\/2"}],"replies":[{"embeddable":true,"href":"https:\/\/www.europesays.com\/fr\/wp-json\/wp\/v2\/comments?post=336758"}],"version-history":[{"count":0,"href":"https:\/\/www.europesays.com\/fr\/wp-json\/wp\/v2\/posts\/336758\/revisions"}],"wp:featuredmedia":[{"embeddable":true,"href":"https:\/\/www.europesays.com\/fr\/wp-json\/wp\/v2\/media\/336759"}],"wp:attachment":[{"href":"https:\/\/www.europesays.com\/fr\/wp-json\/wp\/v2\/media?parent=336758"}],"wp:term":[{"taxonomy":"category","embeddable":true,"href":"https:\/\/www.europesays.com\/fr\/wp-json\/wp\/v2\/categories?post=336758"},{"taxonomy":"post_tag","embeddable":true,"href":"https:\/\/www.europesays.com\/fr\/wp-json\/wp\/v2\/tags?post=336758"}],"curies":[{"name":"wp","href":"https:\/\/api.w.org\/{rel}","templated":true}]}}