{"id":336760,"date":"2025-08-22T18:29:15","date_gmt":"2025-08-22T18:29:15","guid":{"rendered":"https:\/\/www.europesays.com\/fr\/336760\/"},"modified":"2025-08-22T18:29:15","modified_gmt":"2025-08-22T18:29:15","slug":"strasbourg-veut-mettre-en-place-des-lieux-refuges-pour-les-victimes-de-violences-sexistes-et-sexuelles","status":"publish","type":"post","link":"https:\/\/www.europesays.com\/fr\/336760\/","title":{"rendered":"Strasbourg veut mettre en place des lieux refuges pour les victimes de violences sexistes et sexuelles"},"content":{"rendered":"<p>            Par<br \/>\n        <strong><br \/>\n            <a href=\"https:\/\/actu.fr\/auteur\/olivia-kouassi\" title=\"Consulter tous les articles de Olivia Kouassi\" rel=\"nofollow noopener\" target=\"_blank\">Olivia Kouassi<\/a><br \/>\n        <\/strong><\/p>\n<p>        Publi\u00e9 le<\/p>\n<p>            22 ao\u00fbt 2025 \u00e0 15h49        <\/p>\n<p>\u00ab\u2009Tous les \u00e9quipements de l\u2019Eurom\u00e9tropole seront \u00e0 terme des lieux refuges\u2009\u00bb, assure Nadia Zourgui, adjointe \u00e0 la maire en charge de la tranquillit\u00e9 publique. La ville de <a href=\"https:\/\/actu.fr\/strasbourg\/\" rel=\"nofollow noopener\" target=\"_blank\">Strasbourg<\/a> a annonc\u00e9<strong> le lancement d\u2019un r\u00e9seau de lieux refuges pour les victimes de violences sexistes et sexuelles.<\/strong> Objectif\u2009: disposer d\u2019un maillage de services publics consid\u00e9r\u00e9s comme<strong> lieux s\u00fbrs et en capacit\u00e9 d\u2019accueillir un public victime.<\/strong><\/p>\n<p>Formation \u00e0 terme de tous les agents de l\u2019Eurom\u00e9tropole<\/p>\n<p class=\" wall-content\">Une fois le dispositif op\u00e9rationnel, il sera possible de se rendre dans une m\u00e9diath\u00e8que, une mairie de quartier ou encore dans les toilettes publiques<strong> pour se r\u00e9fugier, demander de l\u2019aide et \u00eatre accompagn\u00e9.<\/strong> Si tous les <a href=\"https:\/\/actu.fr\/grand-est\/strasbourg_67482\/abandonne-par-ses-maitres-sacha-est-le-premier-chien-a-rejoindre-la-police-municipale-de-strasbourg_61660486.html\" rel=\"nofollow noopener\" target=\"_blank\">policiers municipaux<\/a> et les \u00e9quipes de m\u00e9diation ont d\u00e9j\u00e0 b\u00e9n\u00e9fici\u00e9 de la formation men\u00e9e par le Centre d\u2019information sur les droits des femmes et des familles (CIDFF), seuls 18 agents communaux ont pour l\u2019instant \u00e9t\u00e9 form\u00e9s sur la base du volontariat.<\/p>\n<p class=\" wall-content\">D\u00e8s l\u2019automne, les <strong>toilettes publiques<\/strong> de la commune devraient b\u00e9n\u00e9ficier du tampon lieu refuge. Dans un premier temps, un dispositif visuel sera \u00e9galement mis en place pour identifier lesdits lieux.<\/p>\n<p class=\" wall-content\">Personnalisez votre actualit\u00e9 en ajoutant vos villes et m\u00e9dias en favori avec <a href=\"https:\/\/moncompte.actu.fr\" title=\"D\u00e9couvez Mon Actu\" rel=\"nofollow noopener\" data-trk=\"{&quot;cta&quot;:{&quot;action&quot;:&quot;https:\\\/\\\/moncompte.actu.fr&quot;,&quot;category&quot;:&quot;mon compte&quot;,&quot;from&quot;:&quot;article footer&quot;,&quot;name&quot;:&quot;Mon actu&quot;,&quot;type&quot;:&quot;cta&quot;}}\" target=\"_blank\">Mon Actu<\/a>.<\/p>\n","protected":false},"excerpt":{"rendered":"Par Olivia Kouassi Publi\u00e9 le 22 ao\u00fbt 2025 \u00e0 15h49 \u00ab\u2009Tous les \u00e9quipements de l\u2019Eurom\u00e9tropole seront \u00e0 terme&hellip;\n","protected":false},"author":2,"featured_media":336761,"comment_status":"","ping_status":"","sticky":false,"template":"","format":"standard","meta":{"footnotes":""},"categories":[2820],"tags":[1111,11,1777,5342,674,1011,27,775,12,25,104,640,799],"class_list":{"0":"post-336760","1":"post","2":"type-post","3":"status-publish","4":"format-standard","5":"has-post-thumbnail","7":"category-strasbourg","8":"tag-actu","9":"tag-actualites","10":"tag-eu","11":"tag-eurometropole-de-strasbourg","12":"tag-europe","13":"tag-fr","14":"tag-france","15":"tag-grand-est","16":"tag-news","17":"tag-republique-francaise","18":"tag-societe","19":"tag-strasbourg","20":"tag-violences-sexuelles"},"share_on_mastodon":{"url":"https:\/\/pubeurope.com\/@fr\/115073840859282414","error":""},"_links":{"self":[{"href":"https:\/\/www.europesays.com\/fr\/wp-json\/wp\/v2\/posts\/336760","targetHints":{"allow":["GET"]}}],"collection":[{"href":"https:\/\/www.europesays.com\/fr\/wp-json\/wp\/v2\/posts"}],"about":[{"href":"https:\/\/www.europesays.com\/fr\/wp-json\/wp\/v2\/types\/post"}],"author":[{"embeddable":true,"href":"https:\/\/www.europesays.com\/fr\/wp-json\/wp\/v2\/users\/2"}],"replies":[{"embeddable":true,"href":"https:\/\/www.europesays.com\/fr\/wp-json\/wp\/v2\/comments?post=336760"}],"version-history":[{"count":0,"href":"https:\/\/www.europesays.com\/fr\/wp-json\/wp\/v2\/posts\/336760\/revisions"}],"wp:featuredmedia":[{"embeddable":true,"href":"https:\/\/www.europesays.com\/fr\/wp-json\/wp\/v2\/media\/336761"}],"wp:attachment":[{"href":"https:\/\/www.europesays.com\/fr\/wp-json\/wp\/v2\/media?parent=336760"}],"wp:term":[{"taxonomy":"category","embeddable":true,"href":"https:\/\/www.europesays.com\/fr\/wp-json\/wp\/v2\/categories?post=336760"},{"taxonomy":"post_tag","embeddable":true,"href":"https:\/\/www.europesays.com\/fr\/wp-json\/wp\/v2\/tags?post=336760"}],"curies":[{"name":"wp","href":"https:\/\/api.w.org\/{rel}","templated":true}]}}