{"id":336762,"date":"2025-08-22T18:30:15","date_gmt":"2025-08-22T18:30:15","guid":{"rendered":"https:\/\/www.europesays.com\/fr\/336762\/"},"modified":"2025-08-22T18:30:15","modified_gmt":"2025-08-22T18:30:15","slug":"au-festival-fluctuations-on-peut-changer-le-monde-en-samusant","status":"publish","type":"post","link":"https:\/\/www.europesays.com\/fr\/336762\/","title":{"rendered":"au festival Fluctuations, on peut changer le monde en s&rsquo;amusant"},"content":{"rendered":"<p>\u00ab\u00a0Nous sommes convaincus que la f\u00eate est un moyen tr\u00e8s efficace de mettre les gens en mouvement, d\u2019initier du changement de mani\u00e8re fluide. C\u2019est ce que nous essayons de faire avec Fluctuations, en m\u00ealant musique et r\u00e9flexion sur une transition sociale et environnementale\u00a0\u00bb, pr\u00e9sente <a href=\"https:\/\/www.dna.fr\/culture-loisirs\/2025\/08\/18\/le-festival-fluctuations-debarque-au-phare-citadelle\" target=\"_blank\" rel=\"noopener\">Vincent Langlade, charg\u00e9e de programmation du festival<\/a> qui vient de s\u2019installer ce vendredi 22\u00a0ao\u00fbt et pour tout le week-end au Phare Citadelle \u00e0 Strasbourg.<\/p>\n<p>La p\u00e9niche de ce festival engag\u00e9 et itin\u00e9rant a accost\u00e9 la veille avec son \u00e9quipe, des membres de l\u2019association SMMMILE qui organise depuis 8 ans un grand festival v\u00e9gan \u00e0 Paris. Depuis l\u2019\u00e9t\u00e9 dernier, ils remontent le cours des fleuves pour organiser dans diff\u00e9rents pays l\u2019\u00e9v\u00e9nement Fluctuations, en partenariat avec des associations locales.<\/p>\n<p>Apr\u00e8s avoir fait halte \u00e0 Lille, Bruxelles et Utrecht aux Pays-Bas, il d\u00e9bute sa deuxi\u00e8me \u00e9dition par un arr\u00eat \u00e0 Strasbourg. \u00ab\u00a0C\u2019est un carrefour entre l\u2019Allemagne et la France, ce qui correspond tout \u00e0 fait \u00e0 notre d\u00e9marche transnationale. L\u2019esprit de la ville s\u2019y pr\u00eate bien, et nous avions un partenaire tout trouv\u00e9\u00a0: <a href=\"https:\/\/www.dna.fr\/environnement\/2020\/08\/14\/octop-us-pret-a-aider-l-ile-maurice\" target=\"_blank\" rel=\"noopener\">Octop\u2019us<\/a>, (une ONG engag\u00e9e dans la protection des \u00e9cosyst\u00e8mes aquatiques)\u00a0\u00bb, d\u00e9taille Vincent Langlade.<\/p>\n<p>  F\u00eate, \u00e9cologie, solidarit\u00e9\u2026<\/p>\n<p>Si le gros de la programmation est pr\u00e9vu ce week-end, le lieu a d\u00e9j\u00e0 accueilli des festivaliers ce vendredi. Th\u00e9o et L\u00e9on sont venus pour la musique \u00ab\u00a0mais c\u2019est aussi l\u2019occasion de d\u00e9couvrir un nouveau lieu. Je n\u2019\u00e9tais jamais venu et j\u2019aime beaucoup ce c\u00f4t\u00e9 proche de la nature, entre l\u2019eau et la verdure\u00a0\u00bb, se r\u00e9jouit ce dernier. Roseline, 34 ans, parcourt les stands du village des associations avec une poussette. \u00ab\u00a0Ma fille a un an, elle est encore un peu trop jeune pour le p\u00f4le enfant\u00a0\u00bb, blague-t-elle, ce qui ne l\u2019emp\u00eache pas de profiter de l\u2019ambiance. Install\u00e9 \u00e0 une table, avec des amis, Benjamin, 26 ans, se dit pr\u00eat \u00e0 profiter du moment \u00ab\u00a0jusqu\u2019\u00e0 la fermeture \u00bb. Face \u00e0 lui, Charlotte, 25 ans, salue l\u2019initiative\u00a0: \u00ab\u00a0J\u2019aime beaucoup l\u2019id\u00e9e de cet \u00e9v\u00e9nement, qui permet de faire la f\u00eate dans un lieu convivial tout en se questionnant sur des sujets politiques.\u00a0\u00bb<\/p>\n<p>D\u2019autres participants h\u00e9sitent entre profiter des concerts propos\u00e9s sur les deux sc\u00e8nes int\u00e9rieures ou se laisser tenter par un bingo sur l\u2019alimentation. \u00ab\u00a0J\u2019ai d\u00e9j\u00e0 rep\u00e9r\u00e9 deux tables rondes sur le validisme et le parcours de r\u00e9silience de femmes venues de Syrie, d\u2019Iran, de Palestine et d\u2019Ukraine pour demain\u00a0!\u00a0\u00bb s\u2019exclame l\u2019un d\u2019eux.<\/p>\n<p class=\"note\">Festival Fluctuations au Phare Citadelle \u00e0 Strasbourg, les\u00a023 (12\u00a0h \u00e0 1\u00a0h) et 24\u00a0ao\u00fbt (12\u00a0h \u00e0 22\u00a0h). Prix libre sur r\u00e9servation par shotgun.live<\/p>\n","protected":false},"excerpt":{"rendered":"\u00ab\u00a0Nous sommes convaincus que la f\u00eate est un moyen tr\u00e8s efficace de mettre les gens en mouvement, d\u2019initier&hellip;\n","protected":false},"author":2,"featured_media":336763,"comment_status":"","ping_status":"","sticky":false,"template":"","format":"standard","meta":{"footnotes":""},"categories":[2820],"tags":[1111,11,6211,1687,2880,1777,674,3326,107,1011,27,775,873,12,5486,25,640,2879],"class_list":{"0":"post-336762","1":"post","2":"type-post","3":"status-publish","4":"format-standard","5":"has-post-thumbnail","7":"category-strasbourg","8":"tag-actu","9":"tag-actualites","10":"tag-conference","11":"tag-culture-loisirs","12":"tag-edition-strasbourg","13":"tag-eu","14":"tag-europe","15":"tag-fete-locale","16":"tag-fil-info","17":"tag-fr","18":"tag-france","19":"tag-grand-est","20":"tag-musique","21":"tag-news","22":"tag-rencontre","23":"tag-republique-francaise","24":"tag-strasbourg","25":"tag-strasbourg-ville"},"share_on_mastodon":{"url":"https:\/\/pubeurope.com\/@fr\/115073844744639156","error":""},"_links":{"self":[{"href":"https:\/\/www.europesays.com\/fr\/wp-json\/wp\/v2\/posts\/336762","targetHints":{"allow":["GET"]}}],"collection":[{"href":"https:\/\/www.europesays.com\/fr\/wp-json\/wp\/v2\/posts"}],"about":[{"href":"https:\/\/www.europesays.com\/fr\/wp-json\/wp\/v2\/types\/post"}],"author":[{"embeddable":true,"href":"https:\/\/www.europesays.com\/fr\/wp-json\/wp\/v2\/users\/2"}],"replies":[{"embeddable":true,"href":"https:\/\/www.europesays.com\/fr\/wp-json\/wp\/v2\/comments?post=336762"}],"version-history":[{"count":0,"href":"https:\/\/www.europesays.com\/fr\/wp-json\/wp\/v2\/posts\/336762\/revisions"}],"wp:featuredmedia":[{"embeddable":true,"href":"https:\/\/www.europesays.com\/fr\/wp-json\/wp\/v2\/media\/336763"}],"wp:attachment":[{"href":"https:\/\/www.europesays.com\/fr\/wp-json\/wp\/v2\/media?parent=336762"}],"wp:term":[{"taxonomy":"category","embeddable":true,"href":"https:\/\/www.europesays.com\/fr\/wp-json\/wp\/v2\/categories?post=336762"},{"taxonomy":"post_tag","embeddable":true,"href":"https:\/\/www.europesays.com\/fr\/wp-json\/wp\/v2\/tags?post=336762"}],"curies":[{"name":"wp","href":"https:\/\/api.w.org\/{rel}","templated":true}]}}