{"id":336766,"date":"2025-08-22T18:32:10","date_gmt":"2025-08-22T18:32:10","guid":{"rendered":"https:\/\/www.europesays.com\/fr\/336766\/"},"modified":"2025-08-22T18:32:10","modified_gmt":"2025-08-22T18:32:10","slug":"malgre-son-transfert-a-lens-sinayoko-est-dans-le-groupe-dauxerre-pour-jouer-a-nice-ce-week-end","status":"publish","type":"post","link":"https:\/\/www.europesays.com\/fr\/336766\/","title":{"rendered":"malgr\u00e9 son transfert \u00e0 Lens, Sinayoko est dans le groupe d&rsquo;Auxerre pour jouer \u00e0 Nice ce week-end"},"content":{"rendered":"<p>L&rsquo;attaquant de l&rsquo;AJ Auxerre, Lassine Sinayoko figure bien dans le groupe de dix-neuf joueurs retenus par l&rsquo;entra\u00eeneur Christophe P\u00e9lissier, pour jouer \u00e0 Nice, samedi en match de la 2e journ\u00e9e de Ligue 1. Un accord a pourtant \u00e9t\u00e9 trouv\u00e9 pour son transfert au RC Lens contre huit millions d&rsquo;euros. Il s&rsquo;envolera pour Lens ensuite.<\/p>\n<p>Comme <a href=\"https:\/\/rmcsport.bfmtv.com\/replay-emissions\/rothen-regale\/video-aja-je-veux-remettre-les-choses-dans-l-ordre-rapidement-concernant-sinayoko-annonce-pelissier_VN-202508200501.html\" title=\"AJA : \u201cJe veux remettre les choses dans l&#039;ordre rapidement concernant Sinayoko\u201d, annonce Pelissier\" class=\"internal_link\" rel=\"nofollow noopener\" target=\"_blank\">Christophe P\u00e9lissier l\u2019a expliqu\u00e9 cette semaine \u00e0 l\u2019antenne de RMC<\/a>, Lassine Sinayoko va bien jouer contre Nice ce samedi soir. L\u2019attaquant de l\u2019AJ Auxerre, un temps pist\u00e9 par le club azur\u00e9en lors du mercato estival, doit ensuite s&rsquo;envoler en direction de Lens. Un accord a \u00e9t\u00e9 trouv\u00e9 pour le d\u00e9part du buteur bourguignon chez les Sang et Or pour un montant de huit millions d\u2019euros (bonus compris), comme avanc\u00e9 par RMC Sport.<\/p>\n<p>En conf\u00e9rence de presse, jeudi, P\u00e9lissier avait assur\u00e9 que Sinayoko (23 ans), unique buteur de la victoire des Bourguignons contre Lorient (1-0), le 17 ao\u00fbt \u00ab\u00a0serait bien pr\u00e9sent\u00a0\u00bb. \u00ab\u00a0Tant qu&rsquo;il est l\u00e0, il est \u00e0 100%. M\u00eame si on ne sait pas s&rsquo;il va rester, Lassine sera bien l\u00e0 samedi avec le maillot de l&rsquo;AJA\u00a0\u00bb, avait-il dit.<\/p>\n<p>L&rsquo;AJ Auxerre a d\u00e9j\u00e0 trouv\u00e9 son rempla\u00e7ant<\/p>\n<p>Alors que l&rsquo;OGC Nice s&rsquo;\u00e9tait positionn\u00e9 pour recruter Lassine Sinayoko, celui-ci va finalement rejoindre Lens la semaine prochaine. En cons\u00e9quence, il jouerait son dernier match avec Auxerre \u00e0 Nice, lui qui a inscrit cinq buts la saison derni\u00e8re et r\u00e9alis\u00e9 huit passes d\u00e9cisives. Il lui reste un an de contrat avec l&rsquo;AJ Auxerre o\u00f9 il est arriv\u00e9 \u00e0 l&rsquo;\u00e2ge de 17 ans.<\/p>\n<p>\u00c0 Lens, il viendra renforcer un secteur offensif qui s&rsquo;est renouvel\u00e9 cet \u00e9t\u00e9. M&rsquo;Bala Zola, Zaroury et Cortes sont partis, alors que <a href=\"https:\/\/rmcsport.bfmtv.com\/football\/clubs\/rc-lens\/lens-ce-n-etait-pas-du-tout-prevu-florian-thauvin-livre-les-coulisses-de-son-arrivee-surprise_AV-202508160223.html\" title=\"Lens: &quot;Ce n&#039;\u00e9tait pas du tout pr\u00e9vu&quot;, Florian Thauvin livre les coulisses de son arriv\u00e9e surprise\" class=\"internal_link\" rel=\"nofollow noopener\" target=\"_blank\">Thauvin<\/a> et Agbonifo ont \u00e9t\u00e9 recrut\u00e9s.<\/p>\n<p>Dimanche, l&rsquo;AJA a annonc\u00e9 le recrutement, en pr\u00eat, de l&rsquo;attaquant international camerounais du FC Porto, Danny Namaso (24 ans) qui figure \u00e9galement dans le groupe retenu par Christophe P\u00e9lissier. Namaso remplace dans la liste, le Japonais Ado Onaiwu qui devrait \u00e9galement quitter le club auxerrois dans les prochaines heures.<\/p>\n","protected":false},"excerpt":{"rendered":"L&rsquo;attaquant de l&rsquo;AJ Auxerre, Lassine Sinayoko figure bien dans le groupe de dix-neuf joueurs retenus par l&rsquo;entra\u00eeneur Christophe&hellip;\n","protected":false},"author":2,"featured_media":336767,"comment_status":"","ping_status":"","sticky":false,"template":"","format":"standard","meta":{"footnotes":""},"categories":[2819],"tags":[1111,11,1777,674,1011,27,12,2401,882,25],"class_list":{"0":"post-336766","1":"post","2":"type-post","3":"status-publish","4":"format-standard","5":"has-post-thumbnail","7":"category-nice","8":"tag-actu","9":"tag-actualites","10":"tag-eu","11":"tag-europe","12":"tag-fr","13":"tag-france","14":"tag-news","15":"tag-nice","16":"tag-provence-alpes-cote-dazur","17":"tag-republique-francaise"},"share_on_mastodon":{"url":"https:\/\/pubeurope.com\/@fr\/115073852527827710","error":""},"_links":{"self":[{"href":"https:\/\/www.europesays.com\/fr\/wp-json\/wp\/v2\/posts\/336766","targetHints":{"allow":["GET"]}}],"collection":[{"href":"https:\/\/www.europesays.com\/fr\/wp-json\/wp\/v2\/posts"}],"about":[{"href":"https:\/\/www.europesays.com\/fr\/wp-json\/wp\/v2\/types\/post"}],"author":[{"embeddable":true,"href":"https:\/\/www.europesays.com\/fr\/wp-json\/wp\/v2\/users\/2"}],"replies":[{"embeddable":true,"href":"https:\/\/www.europesays.com\/fr\/wp-json\/wp\/v2\/comments?post=336766"}],"version-history":[{"count":0,"href":"https:\/\/www.europesays.com\/fr\/wp-json\/wp\/v2\/posts\/336766\/revisions"}],"wp:featuredmedia":[{"embeddable":true,"href":"https:\/\/www.europesays.com\/fr\/wp-json\/wp\/v2\/media\/336767"}],"wp:attachment":[{"href":"https:\/\/www.europesays.com\/fr\/wp-json\/wp\/v2\/media?parent=336766"}],"wp:term":[{"taxonomy":"category","embeddable":true,"href":"https:\/\/www.europesays.com\/fr\/wp-json\/wp\/v2\/categories?post=336766"},{"taxonomy":"post_tag","embeddable":true,"href":"https:\/\/www.europesays.com\/fr\/wp-json\/wp\/v2\/tags?post=336766"}],"curies":[{"name":"wp","href":"https:\/\/api.w.org\/{rel}","templated":true}]}}