{"id":336768,"date":"2025-08-22T18:34:29","date_gmt":"2025-08-22T18:34:29","guid":{"rendered":"https:\/\/www.europesays.com\/fr\/336768\/"},"modified":"2025-08-22T18:34:29","modified_gmt":"2025-08-22T18:34:29","slug":"fc-nantes-j2-trois-absents-sur-la-pelouse-de-strasbourg","status":"publish","type":"post","link":"https:\/\/www.europesays.com\/fr\/336768\/","title":{"rendered":"FC Nantes &#8211; J2 : Trois absents sur la pelouse de Strasbourg"},"content":{"rendered":"<p><strong>D\u00e9sormais entra\u00een\u00e9 par Luis Castro, le FC Nantes se<br \/>\nd\u00e9place ce dimanche \u00e0 17h15 sur la pelouse de La Meinau pour y<br \/>\naffronter le RC Strasbourg Alsace.<\/strong><\/p>\n<p>Ce vendredi, le technicien portugais a annonc\u00e9 trois absences<br \/>\nsur blessure dans son effectif. En effet,\u00a0<strong>Mathieu<br \/>\nAcapandi\u00e9<\/strong>, <strong>Mayckel Lahdo<\/strong> et<br \/>\n<strong>Fabien Centonze<\/strong> sont toujours touch\u00e9s<br \/>\nmusculairement et manqueront cette deuxi\u00e8me journ\u00e9e, au contraire<br \/>\nde <strong>Herba Guirassy<\/strong>, sorti pr\u00e9matur\u00e9ment le week-end<br \/>\ndernier.<\/p>\n<blockquote class=\"twitter-tweet\" data-width=\"550\" data-dnt=\"true\">\n<p lang=\"fr\" dir=\"ltr\">\ud83d\udd30L&rsquo;entraineur Luis Castro fait le point sur<br \/>\nles absents avant Strasbourg : \u00ab\u00a0Matthieu Acapandi\u00e9, Mayckel Lahdo<br \/>\nsont toujours bless\u00e9s. Fabien Centonze aussi est g\u00ean\u00e9. C&rsquo;est bon en<br \/>\nrevanche pour Herba Guirassy, qui avait une petite fatigue<br \/>\nmusculaire\u00a0\u00bb <a href=\"https:\/\/twitter.com\/hashtag\/ICIsport?src=hash&amp;ref_src=twsrc%5Etfw\" rel=\"nofollow noopener\" target=\"_blank\"><br \/>\n#ICIsport<\/a> <a href=\"https:\/\/twitter.com\/hashtag\/FCN?src=hash&amp;ref_src=twsrc%5Etfw\" rel=\"nofollow noopener\" target=\"_blank\">#FCN<\/a><br \/>\n<a href=\"https:\/\/twitter.com\/hashtag\/Ligue1?src=hash&amp;ref_src=twsrc%5Etfw\" rel=\"nofollow noopener\" target=\"_blank\"><br \/>\n#Ligue1<\/a> <a href=\"https:\/\/t.co\/H2u3WQbt1A\" rel=\"nofollow\">pic.twitter.com\/H2u3WQbt1A<\/a><\/p>\n<p>\u2014 ici Loire Oc\u00e9an (@iciloireocean) <a href=\"https:\/\/twitter.com\/iciloireocean\/status\/1958840957262045371?ref_src=twsrc%5Etfw\" rel=\"nofollow noopener\" target=\"_blank\"><br \/>\nAugust 22, 2025<\/a><\/p>\n<\/blockquote>\n<p>  <script async src=\"https:\/\/platform.twitter.com\/widgets.js\" charset=\"utf-8\"><\/script><\/p>\n","protected":false},"excerpt":{"rendered":"D\u00e9sormais entra\u00een\u00e9 par Luis Castro, le FC Nantes se d\u00e9place ce dimanche \u00e0 17h15 sur la pelouse de&hellip;\n","protected":false},"author":2,"featured_media":336769,"comment_status":"","ping_status":"","sticky":false,"template":"","format":"standard","meta":{"footnotes":""},"categories":[2818],"tags":[1111,11,1777,674,1011,27,766,12,2636,25],"class_list":{"0":"post-336768","1":"post","2":"type-post","3":"status-publish","4":"format-standard","5":"has-post-thumbnail","7":"category-nantes","8":"tag-actu","9":"tag-actualites","10":"tag-eu","11":"tag-europe","12":"tag-fr","13":"tag-france","14":"tag-nantes","15":"tag-news","16":"tag-pays-de-la-loire","17":"tag-republique-francaise"},"share_on_mastodon":{"url":"https:\/\/pubeurope.com\/@fr\/115073860406095501","error":""},"_links":{"self":[{"href":"https:\/\/www.europesays.com\/fr\/wp-json\/wp\/v2\/posts\/336768","targetHints":{"allow":["GET"]}}],"collection":[{"href":"https:\/\/www.europesays.com\/fr\/wp-json\/wp\/v2\/posts"}],"about":[{"href":"https:\/\/www.europesays.com\/fr\/wp-json\/wp\/v2\/types\/post"}],"author":[{"embeddable":true,"href":"https:\/\/www.europesays.com\/fr\/wp-json\/wp\/v2\/users\/2"}],"replies":[{"embeddable":true,"href":"https:\/\/www.europesays.com\/fr\/wp-json\/wp\/v2\/comments?post=336768"}],"version-history":[{"count":0,"href":"https:\/\/www.europesays.com\/fr\/wp-json\/wp\/v2\/posts\/336768\/revisions"}],"wp:featuredmedia":[{"embeddable":true,"href":"https:\/\/www.europesays.com\/fr\/wp-json\/wp\/v2\/media\/336769"}],"wp:attachment":[{"href":"https:\/\/www.europesays.com\/fr\/wp-json\/wp\/v2\/media?parent=336768"}],"wp:term":[{"taxonomy":"category","embeddable":true,"href":"https:\/\/www.europesays.com\/fr\/wp-json\/wp\/v2\/categories?post=336768"},{"taxonomy":"post_tag","embeddable":true,"href":"https:\/\/www.europesays.com\/fr\/wp-json\/wp\/v2\/tags?post=336768"}],"curies":[{"name":"wp","href":"https:\/\/api.w.org\/{rel}","templated":true}]}}