{"id":336770,"date":"2025-08-22T18:36:12","date_gmt":"2025-08-22T18:36:12","guid":{"rendered":"https:\/\/www.europesays.com\/fr\/336770\/"},"modified":"2025-08-22T18:36:12","modified_gmt":"2025-08-22T18:36:12","slug":"prison-ferme-pour-le-mari-qui-harcelait-sa-femme-dans-lagglomeration-bordelaise","status":"publish","type":"post","link":"https:\/\/www.europesays.com\/fr\/336770\/","title":{"rendered":"prison ferme pour le mari qui harcelait sa femme dans l\u2019agglom\u00e9ration bordelaise"},"content":{"rendered":"<p>Cet homme de 36\u00a0ans est arriv\u00e9 en France en 2019\u00a0avec son \u00e9pouse, aujourd\u2019hui \u00e2g\u00e9e de 30\u00a0ans. C\u2019est aussi en 2019\u00a0et en France qu\u2019ils avaient donn\u00e9 naissance \u00e0 une petite fille. Mais depuis, leurs relations s\u2019\u00e9taient d\u00e9grad\u00e9es. La proc\u00e9dure fait notamment \u00e9tat d\u2019un coup de bouteille que la femme aurait re\u00e7u sur la t\u00eate apr\u00e8s avoir refus\u00e9 une relation sexuelle. L\u2019homme lui aurait dit qu\u2019elle \u00ab\u00a0devait lui ob\u00e9ir parce qu\u2019elle est [son] esclave\u00a0\u00bb.<\/p>\n<p>Le couple s\u2019\u00e9tait s\u00e9par\u00e9 \u00e0 la fin 2024. Le mari aurait mis son \u00e9pouse \u00e0 la rue \u2013\u00a0lui soutient qu\u2019elle est partie de son plein gr\u00e9\u00a0\u2013 et elle avait trouv\u00e9 refuge dans un centre d\u2019h\u00e9bergement d\u2019urgence, avec la petite fille. La juge aux affaires familiales avait prononc\u00e9 une interdiction d\u2019entrer en contact que l\u2019homme n\u2019avait pas respect\u00e9e. Entre Bordeaux, Cenon et M\u00e9rignac il l\u2019avait surveill\u00e9e sur ses lieux de vie, lui avait envoy\u00e9 des messages agressifs et des menaces de mort\u00a0: \u00ab\u00a0Je vais te tuer, je vais te d\u00e9couper\u00a0\u00bb, appuy\u00e9s par des gestes simulant un \u00e9gorgement.<\/p>\n<p>La peur au ventre<\/p>\n<p>Les faits, insiste la procureure de la R\u00e9publique, sont d\u2019autant plus graves qu\u2019ils ont souvent \u00e9t\u00e9 commis en pr\u00e9sence de l\u2019enfant\u00a0: \u00ab\u00a0Elle avait notamment dit \u00e0 sa m\u00e8re \u2018\u2019D\u00e9p\u00eache-toi, papa va te tuer\u2019\u2019, un jour o\u00f9 l\u2019homme les suivait dans les rues de Bordeaux.\u00a0\u00bb Alors que le p\u00e8re exer\u00e7ait toujours son droit de visite, elle dit aussi l\u2019avoir vu placer un traceur dans son sac \u00e0 dos au moment o\u00f9 elle rentrait chez sa m\u00e8re. \u00ab\u00a0Je voulais \u00e9viter que ma femme rentre en Azerba\u00efdjan sans mon autorisation\u00a0\u00bb, explique le pr\u00e9venu.<\/p>\n<blockquote><p>\u00ab\u00a0Je voulais \u00e9viter que ma femme rentre en Azerba\u00efdjan sans mon autorisation\u00a0\u00bb<\/p><\/blockquote>\n<p>Qui nie les autres faits qui lui sont reproch\u00e9s\u00a0: \u00ab\u00a0Elle ment pour avoir plus facilement des papiers fran\u00e7ais. On la croit elle et pas moi.\u00a0\u00bb Ces propos r\u00e9voltent le minist\u00e8re public\u00a0: \u00ab\u00a0Le pr\u00e9venu ne remet pas un instant son comportement en question. Et il n\u2019a pas h\u00e9sit\u00e9 \u00e0 instrumentaliser sa propre fille, qui se sent en danger.\u00a0\u00bb Comme sa m\u00e8re, qui a \u00ab\u00a0la peur au ventre d\u00e8s qu\u2019elle sort du centre d\u2019h\u00e9bergement\u00a0\u00bb, rapporte son avocate, Me Durand.<\/p>\n<p>\u00ab\u00a0Mais ces t\u00e9moignages de la victime ne sont pas des preuves\u00a0\u00bb, relativise Me Dubarry, l\u2019avocat de l\u2019Azerba\u00efdjanais. La blessure li\u00e9e \u00e0 un coup de bouteille\u00a0? \u00ab\u00a0Le certificat m\u00e9dical est arriv\u00e9 11\u00a0mois apr\u00e8s les faits pr\u00e9sum\u00e9s.\u00a0\u00bb Le fait que l\u2019homme croisait souvent son \u00e9pouse\u00a0? \u00ab\u00a0Son domicile est situ\u00e9 \u00e0 50\u00a0m\u00e8tres de l\u2019\u00e9cole fr\u00e9quent\u00e9e par leur fille.\u00a0\u00bb Les menaces de mort\u00a0? \u00ab\u00a0L\u2019enfant a entendu son p\u00e8re crier, mais elle n\u2019a pas formellement entendu de telles menaces.\u00a0\u00bb<\/p>\n","protected":false},"excerpt":{"rendered":"Cet homme de 36\u00a0ans est arriv\u00e9 en France en 2019\u00a0avec son \u00e9pouse, aujourd\u2019hui \u00e2g\u00e9e de 30\u00a0ans. C\u2019est aussi&hellip;\n","protected":false},"author":2,"featured_media":336771,"comment_status":"","ping_status":"","sticky":false,"template":"","format":"standard","meta":{"footnotes":""},"categories":[2817],"tags":[1111,11,1997,1777,674,1011,27,12,2219,25],"class_list":{"0":"post-336770","1":"post","2":"type-post","3":"status-publish","4":"format-standard","5":"has-post-thumbnail","7":"category-bordeaux","8":"tag-actu","9":"tag-actualites","10":"tag-bordeaux","11":"tag-eu","12":"tag-europe","13":"tag-fr","14":"tag-france","15":"tag-news","16":"tag-nouvelle-aquitaine","17":"tag-republique-francaise"},"share_on_mastodon":{"url":"https:\/\/pubeurope.com\/@fr\/115073868448656893","error":""},"_links":{"self":[{"href":"https:\/\/www.europesays.com\/fr\/wp-json\/wp\/v2\/posts\/336770","targetHints":{"allow":["GET"]}}],"collection":[{"href":"https:\/\/www.europesays.com\/fr\/wp-json\/wp\/v2\/posts"}],"about":[{"href":"https:\/\/www.europesays.com\/fr\/wp-json\/wp\/v2\/types\/post"}],"author":[{"embeddable":true,"href":"https:\/\/www.europesays.com\/fr\/wp-json\/wp\/v2\/users\/2"}],"replies":[{"embeddable":true,"href":"https:\/\/www.europesays.com\/fr\/wp-json\/wp\/v2\/comments?post=336770"}],"version-history":[{"count":0,"href":"https:\/\/www.europesays.com\/fr\/wp-json\/wp\/v2\/posts\/336770\/revisions"}],"wp:featuredmedia":[{"embeddable":true,"href":"https:\/\/www.europesays.com\/fr\/wp-json\/wp\/v2\/media\/336771"}],"wp:attachment":[{"href":"https:\/\/www.europesays.com\/fr\/wp-json\/wp\/v2\/media?parent=336770"}],"wp:term":[{"taxonomy":"category","embeddable":true,"href":"https:\/\/www.europesays.com\/fr\/wp-json\/wp\/v2\/categories?post=336770"},{"taxonomy":"post_tag","embeddable":true,"href":"https:\/\/www.europesays.com\/fr\/wp-json\/wp\/v2\/tags?post=336770"}],"curies":[{"name":"wp","href":"https:\/\/api.w.org\/{rel}","templated":true}]}}