{"id":336778,"date":"2025-08-22T18:40:16","date_gmt":"2025-08-22T18:40:16","guid":{"rendered":"https:\/\/www.europesays.com\/fr\/336778\/"},"modified":"2025-08-22T18:40:16","modified_gmt":"2025-08-22T18:40:16","slug":"balogun-pret-a-faire-son-retour-a-lille-fati-apres-la-treve","status":"publish","type":"post","link":"https:\/\/www.europesays.com\/fr\/336778\/","title":{"rendered":"Balogun pr\u00eat \u00e0 faire son retour \u00e0 Lille, Fati apr\u00e8s la tr\u00eave"},"content":{"rendered":"<p>Folarin Balogun a manqu\u00e9 la 1re lev\u00e9e du championnat, touch\u00e9 \u00e0 une cuisse. Mais l\u2019attaquant am\u00e9ricain effectuera bien son retour avec le groupe pour le d\u00e9placement \u00e0 Lille, dimanche, comme confirm\u00e9 par Adi H\u00fctter : \u00ab\u00a0Pour moi, il est pr\u00eat \u00e0 jouer. Nous avons beaucoup d\u2019options \u00e0 Lille. Balo peut faire partie du onze de d\u00e9part. Il sera de retour dans le groupe.\u00a0\u00bb<\/p>\n<p>L\u2019Autrichien a aussi \u00e9voqu\u00e9 le cas Ansu Fati, d\u00e9sormais pleinement int\u00e9gr\u00e9 au groupe \u00e0 l\u2019entra\u00eenement. Mais son retour ne devrait se faire qu\u2019apr\u00e8s la premi\u00e8re tr\u00eave de septembre. Il pourrait donc d\u00e9buter sa saison contre Auxerre, en 4e journ\u00e9e : \u00ab\u00a0Il est vraiment sur la bonne voie. Nous sommes satisfaits. Il est d\u00e9sormais totalement int\u00e9gr\u00e9 au groupe, \u00e0 l\u2019entra\u00eenement quotidien. Je pense qu\u2019il sera de retour apr\u00e8s la tr\u00eave internationale.\u00a0\u00bb<\/p>\n<p>H\u00fctter a expliqu\u00e9 la raison pour laquelle le club \u00e9tait tr\u00e8s prudent avec l\u2019Espagnol : \u00ab\u00a0Au cours des trois ou quatre derni\u00e8res ann\u00e9es, il a toujours \u00e9t\u00e9 bless\u00e9 en d\u00e9but de saison. Nous voulons le prot\u00e9ger et le mettre vraiment en pleine forme sur le terrain. Ansu est un tr\u00e8s bon joueur, tout le monde le sait. Mais dans le football, il faut aussi \u00eatre en bonne condition physique. C\u2019est pourquoi nous le prot\u00e9geons un peu plus que d\u2019autres. Mais l\u2019histoire nous a montr\u00e9 qu\u2019il n\u2019\u00e9tait parfois pas pr\u00eat pour la saison. C\u2019est le point central pour lui.\u00a0\u00bb<\/p>\n","protected":false},"excerpt":{"rendered":"Folarin Balogun a manqu\u00e9 la 1re lev\u00e9e du championnat, touch\u00e9 \u00e0 une cuisse. Mais l\u2019attaquant am\u00e9ricain effectuera bien&hellip;\n","protected":false},"author":2,"featured_media":336779,"comment_status":"","ping_status":"","sticky":false,"template":"","format":"standard","meta":{"footnotes":""},"categories":[2815],"tags":[1111,11,1777,674,1011,27,811,1307,12,25],"class_list":{"0":"post-336778","1":"post","2":"type-post","3":"status-publish","4":"format-standard","5":"has-post-thumbnail","7":"category-lille","8":"tag-actu","9":"tag-actualites","10":"tag-eu","11":"tag-europe","12":"tag-fr","13":"tag-france","14":"tag-hauts-de-france","15":"tag-lille","16":"tag-news","17":"tag-republique-francaise"},"share_on_mastodon":{"url":"https:\/\/pubeurope.com\/@fr\/115073884124643292","error":""},"_links":{"self":[{"href":"https:\/\/www.europesays.com\/fr\/wp-json\/wp\/v2\/posts\/336778","targetHints":{"allow":["GET"]}}],"collection":[{"href":"https:\/\/www.europesays.com\/fr\/wp-json\/wp\/v2\/posts"}],"about":[{"href":"https:\/\/www.europesays.com\/fr\/wp-json\/wp\/v2\/types\/post"}],"author":[{"embeddable":true,"href":"https:\/\/www.europesays.com\/fr\/wp-json\/wp\/v2\/users\/2"}],"replies":[{"embeddable":true,"href":"https:\/\/www.europesays.com\/fr\/wp-json\/wp\/v2\/comments?post=336778"}],"version-history":[{"count":0,"href":"https:\/\/www.europesays.com\/fr\/wp-json\/wp\/v2\/posts\/336778\/revisions"}],"wp:featuredmedia":[{"embeddable":true,"href":"https:\/\/www.europesays.com\/fr\/wp-json\/wp\/v2\/media\/336779"}],"wp:attachment":[{"href":"https:\/\/www.europesays.com\/fr\/wp-json\/wp\/v2\/media?parent=336778"}],"wp:term":[{"taxonomy":"category","embeddable":true,"href":"https:\/\/www.europesays.com\/fr\/wp-json\/wp\/v2\/categories?post=336778"},{"taxonomy":"post_tag","embeddable":true,"href":"https:\/\/www.europesays.com\/fr\/wp-json\/wp\/v2\/tags?post=336778"}],"curies":[{"name":"wp","href":"https:\/\/api.w.org\/{rel}","templated":true}]}}