{"id":336803,"date":"2025-08-22T18:55:24","date_gmt":"2025-08-22T18:55:24","guid":{"rendered":"https:\/\/www.europesays.com\/fr\/336803\/"},"modified":"2025-08-22T18:55:24","modified_gmt":"2025-08-22T18:55:24","slug":"classement-general-tour-dallemagne-2025-mis-a-jour","status":"publish","type":"post","link":"https:\/\/www.europesays.com\/fr\/336803\/","title":{"rendered":"Classement g\u00e9n\u00e9ral Tour d&rsquo;Allemagne 2025 mis \u00e0 jour"},"content":{"rendered":"<p style=\"text-align: justify;\"><strong>Retrouvez le classement g\u00e9n\u00e9ral du Tour d\u2019Allemagne 2025, qui se d\u00e9roule du mercredi 20 au dimanche 24 ao\u00fbt 2025.<\/strong><\/p>\n<p style=\"text-align: justify;\">Le <strong>Tour d\u2019Allemagne 2025<\/strong> se d\u00e9roulera du <strong>20 au 24 ao\u00fbt<\/strong> sur un total de <strong>741 kilom\u00e8tres<\/strong>, avec un prologue et quatre \u00e9tapes en ligne inscrites au calendrier UCI ProSeries. La course s\u2019ouvrira \u00e0 <strong>Essen<\/strong> par un contre-la-montre individuel de 3 km disput\u00e9 dans le cadre historique de la mine de <strong>Zollverein<\/strong>, class\u00e9e \u00e0 l\u2019UNESCO.<\/p>\n<p>Parcours et coureurs \u00e0 suivre<\/p>\n<p style=\"text-align: justify;\">La premi\u00e8re \u00e9tape m\u00e8nera le peloton d\u2019<strong>Essen<\/strong> \u00e0 <strong>Herford<\/strong> (197 km) \u00e0 travers la Rh\u00e9nanie-du-Nord-Westphalie, avec un final s\u00e9lectif sur la c\u00f4te du <strong>Stuckenberg<\/strong>. Le lendemain, les coureurs rallieront <strong>Arnsberg<\/strong> depuis <strong>Herford<\/strong> (189 km) via les mont\u00e9es du <strong>Hermannsdenkmal<\/strong> et du <strong>Gausek\u00f6te<\/strong>, avant un circuit final vallonn\u00e9.<\/p>\n<p style=\"text-align: justify;\">Le troisi\u00e8me jour, place \u00e0 l\u2019\u00e9tape reine : <strong>Arnsberg \u2013 Kassel<\/strong> (175,7 km et pr\u00e8s de 3 000 m de d\u00e9nivel\u00e9 positif), avec des ascensions abruptes comme la redoutable <strong>Hirschberger Wand<\/strong> et la <strong>Buttenberg<\/strong>. Enfin, la derni\u00e8re \u00e9tape reliera <strong>Halle-sur-Saale<\/strong> \u00e0 <strong>Magdebourg<\/strong> (163,7 km), globalement plate, mais anim\u00e9e en d\u00e9but de parcours par une rampe \u00e0 18 %, avant un final propice aux sprinteurs.<\/p>\n<p><a href=\"https:\/\/dicodusport.fr\/blog\/tour-dallemagne-2025-parcours-detaille-et-profils-des-etapes\/\" class=\"vlp-link\" title=\"Tour d&#039;Allemagne 2025 : Parcours d\u00e9taill\u00e9 et profils des \u00e9tapes\" target=\"_blank\" rel=\"noopener\"><img loading=\"lazy\" decoding=\"async\" style=\"max-width: 792px;\" width=\"792\" height=\"445\" class=\"attachment-800x445 size-800x445 perfmatters-lazy\" alt=\"Tour d'Allemagne 2025 Parcours d\u00e9taill\u00e9 et profils des \u00e9tapes\" src=\"https:\/\/www.europesays.com\/fr\/wp-content\/uploads\/2025\/08\/1755870921_788_Tour-dAllemagne-2025-Parcours-detaille-et-profils-des-etapes.png\"  data-\/><\/p>\n<p>Tour d&rsquo;Allemagne 2025 : Parcours d\u00e9taill\u00e9 et profils des \u00e9tapes<\/p>\n<p>Retrouvez le parcours en d\u00e9tail et tous les profils des \u00e9tapes du Tour d&rsquo;Allemagne 2025, qui se d\u00e9roule du 20 ao\u00fbt au 24 ao\u00fbt 2025.<\/p>\n<p>Lire l&rsquo;article<\/p>\n<p>dicodusport.fr<\/p>\n<p style=\"text-align: justify;\">Gr\u00e2ce \u00e0 son trac\u00e9 vari\u00e9 m\u00ealant efforts explosifs, terrains vallonn\u00e9s et opportunit\u00e9s pour les purs sprinteurs, cette \u00e9dition promet un suspense jusqu\u2019au dernier jour et pourrait sourire autant aux puncheurs qu\u2019aux finisseurs rapides. Les hommes rapides comme <strong>Jonathan Milan<\/strong> (Lidl-Trek), <strong>Wout Van Aert<\/strong> et <a href=\"https:\/\/dicodusport.fr\/blog\/tour-de-pologne-2025-la-5eme-etape-pour-matthew-brennan-paul-lapeira-toujours-en-jaune\/\" target=\"_blank\" rel=\"noopener\"><strong>Matthew Brennan<\/strong><\/a> (Visma Lease a Bike) ainsi que <a href=\"https:\/\/dicodusport.fr\/blog\/tour-de-pologne-2025-paul-magnier-tout-en-puissance-sur-la-4eme-etape\/\" target=\"_blank\" rel=\"noopener\"><strong>Paul Magnier<\/strong><\/a> (Soudal Quick-Step) devraient trouver un terrain \u00e0 leur convenance. Tout comme les puncheurs et grimpeurs tels que <a href=\"https:\/\/dicodusport.fr\/blog\/tour-de-pologne-2025-brandon-mcnulty-remporte-la-derniere-etape-et-le-general\/\" target=\"_blank\" rel=\"noopener\"><strong>Brandon McNulty<\/strong><\/a> (UAE Team Emirates XRG), <strong>Tobias Halland Johannessen<\/strong> (Uno-X Mobility) et <strong>Axel Laurance<\/strong> (INEOS Grenadiers).<\/p>\n<p style=\"text-align: justify;\"><strong>Retrouvez le classement g\u00e9n\u00e9ral<\/strong><strong>\u00a0du Tour d\u2019Allemagne 2025 ci-dessous.<\/strong><\/p>\n<p>Classement g\u00e9n\u00e9ral \u2013 Tour d\u2019Allemagne 2025<\/p>\n<p style=\"text-align: justify;\"><strong>Classement g\u00e9n\u00e9ral officiel mis \u00e0 jour \u00e0 l\u2019issue de la 2\u00e8me \u00e9tape.<\/strong><\/p>\n<tr style=\"height: 24px\">\n<td style=\"border-color: #ebebeb;height: 24px;text-align: center;width: 80px;vertical-align: middle\">\ud83c\udfc6<\/td>\n<td style=\"border-color: #ebebeb;height: 24px;text-align: center;width: 500px;vertical-align: middle\"><strong>COUREURS<\/strong><\/td>\n<td style=\"border-color: #ebebeb;height: 24px;text-align: center;width: 220px;vertical-align: middle\"><strong>TEMPS \/ \u00c9CART<\/strong><\/td>\n<\/tr>\n<tr style=\"height: 24px\">\n<td style=\"border-color: #ebebeb;height: 24px;text-align: center;width: 80px;vertical-align: middle\"><strong>1.<\/strong><\/td>\n<td style=\"border-color: #ebebeb;text-align: center;width: 500px;vertical-align: middle\"><strong>\ud83c\uddf3\ud83c\uddf4 S\u00d8REN W\u00c6RENSKJOLD<\/strong><br \/>UNO-X MOBILITY<\/td>\n<td style=\"border-color: #ebebeb;text-align: center;width: 220px;vertical-align: middle\"><strong>9h07m45s<\/strong><\/td>\n<\/tr>\n<tr>\n<td style=\"border-color: #ebebeb;text-align: center;width: 80px;vertical-align: middle\">2.<\/td>\n<td style=\"border-color: #ebebeb;text-align: center;width: 500px;vertical-align: middle\"><strong>\ud83c\uddea\ud83c\udde8 JHONATAN NARVAEZ<\/strong><br \/>UAE TEAM EMIRATES XRG<\/td>\n<td style=\"border-color: #ebebeb;text-align: center;width: 220px;vertical-align: middle\"><strong>\u00e0 1s<\/strong><\/td>\n<\/tr>\n<tr>\n<td style=\"border-color: #ebebeb;text-align: center;width: 80px;vertical-align: middle\">3.<\/td>\n<td style=\"border-color: #ebebeb;text-align: center;width: 500px;vertical-align: middle\"><strong>\ud83c\uddfa\ud83c\uddf8 RILEY SHEEHAN<\/strong><br \/>ISRAEL \u2013 PREMIER TECH<\/td>\n<td style=\"border-color: #ebebeb;text-align: center;width: 220px;vertical-align: middle\"><strong>\u00e0 4s<\/strong><\/td>\n<\/tr>\n<tr>\n<td style=\"border-color: #ebebeb;text-align: center;width: 80px;vertical-align: middle\">4.<\/td>\n<td style=\"border-color: #ebebeb;text-align: center;width: 500px;vertical-align: middle\"><strong>\ud83c\udde7\ud83c\uddea WOUT VAN AERT<\/strong><br \/>TEAM VISMA | LEASE A BIKE<\/td>\n<td style=\"border-color: #ebebeb;text-align: center;width: 220px;vertical-align: middle\"><strong>\u00e0 15s<\/strong><\/td>\n<\/tr>\n<tr>\n<td style=\"border-color: #ebebeb;text-align: center;width: 80px;vertical-align: middle\">5.<\/td>\n<td style=\"border-color: #ebebeb;text-align: center;width: 500px;vertical-align: middle\"><strong>\ud83c\uddf3\ud83c\uddf1 DANNY VAN POPPEL<\/strong><br \/>RED BULL \u2013 BORA \u2013 HANSGROHE<\/td>\n<td style=\"border-color: #ebebeb;text-align: center;width: 220px;vertical-align: middle\"><strong>\u00e0 17s<\/strong><\/td>\n<\/tr>\n<tr>\n<td style=\"border-color: #ebebeb;text-align: center;width: 80px;vertical-align: middle\">6.<\/td>\n<td style=\"border-color: #ebebeb;text-align: center;width: 500px;vertical-align: middle\"><strong>\ud83c\uddec\ud83c\udde7 SAMUEL WATSON<\/strong><br \/>INEOS GRENADIERS<\/td>\n<td style=\"border-color: #ebebeb;text-align: center;width: 220px;vertical-align: middle\"><strong>\u00e0 17s<\/strong><\/td>\n<\/tr>\n<tr>\n<td style=\"border-color: #ebebeb;text-align: center;width: 80px;vertical-align: middle\">7.<\/td>\n<td style=\"border-color: #ebebeb;text-align: center;width: 500px;vertical-align: middle\"><strong>\ud83c\uddec\ud83c\udde7 MATTHEW BRENNAN<br \/><\/strong>TEAM VISMA | LEASE A BIKE<\/td>\n<td style=\"border-color: #ebebeb;text-align: center;width: 220px;vertical-align: middle\"><strong>\u00e0 17s<\/strong><\/td>\n<\/tr>\n<tr>\n<td style=\"border-color: #ebebeb;text-align: center;width: 80px;vertical-align: middle\">8.<\/td>\n<td style=\"border-color: #ebebeb;text-align: center;width: 500px;vertical-align: middle\"><strong>\ud83c\udde9\ud83c\uddea MARIUS MAYRHOFER<\/strong><br \/>TUDOR PRO CYCLING TEAM<\/td>\n<td style=\"border-color: #ebebeb;text-align: center;width: 220px;vertical-align: middle\"><strong>\u00e0 18s<\/strong><\/td>\n<\/tr>\n<tr>\n<td style=\"border-color: #ebebeb;text-align: center;width: 80px;vertical-align: middle\">9.<\/td>\n<td style=\"border-color: #ebebeb;text-align: center;width: 500px;vertical-align: middle\"><strong>\ud83c\uddee\ud83c\uddf9 JONATHAN MILAN<\/strong><br \/>LIDL \u2013 TREK<\/td>\n<td style=\"border-color: #ebebeb;text-align: center;width: 220px;vertical-align: middle\"><strong>\u00e0 18s<\/strong><\/td>\n<\/tr>\n<tr style=\"height: 24px\">\n<td style=\"border-color: #ebebeb;height: 24px;text-align: center;width: 80px;vertical-align: middle\">10.<\/td>\n<td style=\"border-color: #ebebeb;text-align: center;width: 500px;vertical-align: middle\"><strong>\ud83c\uddf3\ud83c\uddff LAURENCE PITHIE<\/strong><br \/>RED BULL \u2013 BORA \u2013 HANSGROHE<\/td>\n<td style=\"border-color: #ebebeb;text-align: center;width: 220px;vertical-align: middle\"><strong>\u00e0 20s<\/strong><\/td>\n<\/tr>\n<tr>\n<td style=\"border-color: #ebebeb;text-align: center;width: 80px;vertical-align: middle\">11.<\/td>\n<td style=\"border-color: #ebebeb;text-align: center;width: 500px;vertical-align: middle\"><strong>\ud83c\udde6\ud83c\uddf9 MARCO HALLER<\/strong><br \/>TUDOR PRO CYCLING TEAM<\/td>\n<td style=\"border-color: #ebebeb;text-align: center;width: 220px;vertical-align: middle\"><strong>\u00e0 20s<\/strong><\/td>\n<\/tr>\n<tr>\n<td style=\"border-color: #ebebeb;text-align: center;width: 80px;vertical-align: middle\">12.<\/td>\n<td style=\"border-color: #ebebeb;text-align: center;width: 500px;vertical-align: middle\"><strong>\ud83c\udde7\ud83c\uddea VLAD VAN MECHELEN<\/strong><br \/>BAHRAIN \u2013 VICTORIOUS<\/td>\n<td style=\"border-color: #ebebeb;text-align: center;width: 220px;vertical-align: middle\"><strong>\u00e0 22s<\/strong><\/td>\n<\/tr>\n<tr>\n<td style=\"border-color: #ebebeb;text-align: center;width: 80px;vertical-align: middle\">13.<\/td>\n<td style=\"border-color: #ebebeb;text-align: center;width: 500px;vertical-align: middle\"><strong>\ud83c\uddf3\ud83c\uddf4 ERIK NORDS\u00c6TER RESELL<\/strong><br \/>UNO-X MOBILITY<\/td>\n<td style=\"border-color: #ebebeb;text-align: center;width: 220px;vertical-align: middle\"><strong>\u00e0 23s<\/strong><\/td>\n<\/tr>\n<tr>\n<td style=\"border-color: #ebebeb;text-align: center;width: 80px;vertical-align: middle\">14.<\/td>\n<td style=\"border-color: #ebebeb;text-align: center;width: 500px;vertical-align: middle\"><strong>\ud83c\uddf3\ud83c\uddf1 PASCAL EENKHOORN<\/strong><br \/>SOUDAL QUICK-STEP<\/td>\n<td style=\"border-color: #ebebeb;text-align: center;width: 220px;vertical-align: middle\"><strong>\u00e0 23s<\/strong><\/td>\n<\/tr>\n<tr>\n<td style=\"border-color: #ebebeb;text-align: center;width: 80px;vertical-align: middle\">15.<\/td>\n<td style=\"border-color: #ebebeb;text-align: center;width: 500px;vertical-align: middle\"><strong>\ud83c\uddfa\ud83c\uddf8 LUKE LAMPERTI<\/strong><br \/>SOUDAL QUICK-STEP<\/td>\n<td style=\"border-color: #ebebeb;text-align: center;width: 220px;vertical-align: middle\"><strong>\u00e0 23s<\/strong><\/td>\n<\/tr>\n<tr>\n<td style=\"border-color: #ebebeb;text-align: center;width: 80px;vertical-align: middle\">16.<\/td>\n<td style=\"border-color: #ebebeb;text-align: center;width: 500px;vertical-align: middle\"><strong>\ud83c\uddea\ud83c\uddf8 IV\u00c1N ROMEO<\/strong><br \/>MOVISTAR TEAM<\/td>\n<td style=\"border-color: #ebebeb;text-align: center;width: 220px;vertical-align: middle\"><strong>\u00e0 23s<\/strong><\/td>\n<\/tr>\n<tr>\n<td style=\"border-color: #ebebeb;text-align: center;width: 80px;vertical-align: middle\">17.<\/td>\n<td style=\"border-color: #ebebeb;text-align: center;width: 500px;vertical-align: middle\"><strong>\ud83c\udde9\ud83c\uddea NILS POLITT<\/strong><br \/>UAE TEAM EMIRATES \u2013 XRG<\/td>\n<td style=\"border-color: #ebebeb;text-align: center;width: 220px;vertical-align: middle\"><strong>\u00e0 24s<\/strong><\/td>\n<\/tr>\n<tr>\n<td style=\"border-color: #ebebeb;text-align: center;width: 80px;vertical-align: middle\">18.<\/td>\n<td style=\"border-color: #ebebeb;text-align: center;width: 500px;vertical-align: middle\"><strong>\ud83c\uddee\ud83c\uddf9 SIMONE CONSONNI<\/strong><br \/>LIDL \u2013 TREK<\/td>\n<td style=\"border-color: #ebebeb;text-align: center;width: 220px;vertical-align: middle\"><strong>\u00e0 25s<\/strong><\/td>\n<\/tr>\n<tr style=\"height: 24px\">\n<td style=\"border-color: #ebebeb;height: 24px;text-align: center;width: 80px;vertical-align: middle\">19.<\/td>\n<td style=\"border-color: #ebebeb;text-align: center;width: 500px;vertical-align: middle\"><strong>\ud83c\udde7\ud83c\uddea ILAN VAN WILDER<\/strong><br \/>SOUDAL QUICK-STEP<\/td>\n<td style=\"border-color: #ebebeb;text-align: center;width: 220px;vertical-align: middle\"><strong>\u00e0 25s<\/strong><\/td>\n<\/tr>\n<tr>\n<td style=\"border-color: #ebebeb;text-align: center;width: 80px;vertical-align: middle\">20.<\/td>\n<td style=\"border-color: #ebebeb;text-align: center;width: 500px;vertical-align: middle\"><strong>\ud83c\uddee\ud83c\uddf9 EDOARDO ZAMBANINI<\/strong><br \/>BAHRAIN \u2013 VICTORIOUS<\/td>\n<td style=\"border-color: #ebebeb;text-align: center;width: 220px;vertical-align: middle\"><strong>\u00e0 25s<\/strong><\/td>\n<\/tr>\n<p>\u00c0 lire aussi<\/p>\n<p><a href=\"https:\/\/dicodusport.fr\/blog\/cyclisme-mercato-2025-2026-le-tableau-des-transferts\/\" class=\"vlp-link\" title=\"Cyclisme Mercato 2025-2026 - Le tableau des transferts\" target=\"_blank\" rel=\"noopener\"><img loading=\"lazy\" decoding=\"async\" style=\"max-width: 792px;\" width=\"792\" height=\"445\" class=\"attachment-800x445 size-800x445 perfmatters-lazy\" alt=\"Cyclisme Mercato 2025-2026 - Le tableau des transferts\" src=\"https:\/\/www.europesays.com\/fr\/wp-content\/uploads\/2025\/08\/Cyclisme-Mercato-2025-2026-Le-tableau-des-transferts.png\"  data-\/><\/p>\n<p>Cyclisme Mercato 2025-2026 &#8211; Le tableau des transferts<\/p>\n<p>MERCATO CYCLISME 2025-2026 &#8211; D\u00e9couvrez les transferts officiels et les rumeurs du mercato cycliste.<\/p>\n<p>Lire l&rsquo;article<\/p>\n<p>dicodusport.fr<\/p>\n","protected":false},"excerpt":{"rendered":"Retrouvez le classement g\u00e9n\u00e9ral du Tour d\u2019Allemagne 2025, qui se d\u00e9roule du mercredi 20 au dimanche 24 ao\u00fbt&hellip;\n","protected":false},"author":2,"featured_media":336804,"comment_status":"","ping_status":"","sticky":false,"template":"","format":"standard","meta":{"footnotes":""},"categories":[1587],"tags":[11,672,2113,1804,207,10070,1805,1803,1777,674,1801,12,1802,46900],"class_list":{"0":"post-336803","1":"post","2":"type-post","3":"status-publish","4":"format-standard","5":"has-post-thumbnail","7":"category-allemagne","8":"tag-actualites","9":"tag-allemagne","10":"tag-breve","11":"tag-bundesrepublik-deutschland","12":"tag-cyclisme","13":"tag-cyclisme-sur-route","14":"tag-de","15":"tag-deutschland","16":"tag-eu","17":"tag-europe","18":"tag-germany","19":"tag-news","20":"tag-republique-federale-dallemagne","21":"tag-tour-dallemagne"},"share_on_mastodon":{"url":"https:\/\/pubeurope.com\/@fr\/115073943471881497","error":""},"_links":{"self":[{"href":"https:\/\/www.europesays.com\/fr\/wp-json\/wp\/v2\/posts\/336803","targetHints":{"allow":["GET"]}}],"collection":[{"href":"https:\/\/www.europesays.com\/fr\/wp-json\/wp\/v2\/posts"}],"about":[{"href":"https:\/\/www.europesays.com\/fr\/wp-json\/wp\/v2\/types\/post"}],"author":[{"embeddable":true,"href":"https:\/\/www.europesays.com\/fr\/wp-json\/wp\/v2\/users\/2"}],"replies":[{"embeddable":true,"href":"https:\/\/www.europesays.com\/fr\/wp-json\/wp\/v2\/comments?post=336803"}],"version-history":[{"count":0,"href":"https:\/\/www.europesays.com\/fr\/wp-json\/wp\/v2\/posts\/336803\/revisions"}],"wp:featuredmedia":[{"embeddable":true,"href":"https:\/\/www.europesays.com\/fr\/wp-json\/wp\/v2\/media\/336804"}],"wp:attachment":[{"href":"https:\/\/www.europesays.com\/fr\/wp-json\/wp\/v2\/media?parent=336803"}],"wp:term":[{"taxonomy":"category","embeddable":true,"href":"https:\/\/www.europesays.com\/fr\/wp-json\/wp\/v2\/categories?post=336803"},{"taxonomy":"post_tag","embeddable":true,"href":"https:\/\/www.europesays.com\/fr\/wp-json\/wp\/v2\/tags?post=336803"}],"curies":[{"name":"wp","href":"https:\/\/api.w.org\/{rel}","templated":true}]}}