{"id":336807,"date":"2025-08-22T18:57:12","date_gmt":"2025-08-22T18:57:12","guid":{"rendered":"https:\/\/www.europesays.com\/fr\/336807\/"},"modified":"2025-08-22T18:57:12","modified_gmt":"2025-08-22T18:57:12","slug":"quint-et-le-bureau-de-lue-reagissent-au-gouvernement-et-aux-partis-pour-la-non-certification-de-la-srpska-sabstenir-de-nouvelles-mesures","status":"publish","type":"post","link":"https:\/\/www.europesays.com\/fr\/336807\/","title":{"rendered":"QUINT et le Bureau de l&rsquo;UE r\u00e9agissent au gouvernement et aux partis pour la non-certification de la Srpska : s&rsquo;abstenir de nouvelles mesures"},"content":{"rendered":"<p>                                                QUINT et le Bureau de l&rsquo;UE r\u00e9pondent au gouvernement et aux parties concernant la non-certification de la Srpska : s&rsquo;abstenir de toute nouvelle mesure                    <\/p>\n<p>                        <img decoding=\"async\" src=\"https:\/\/www.europesays.com\/fr\/wp-content\/uploads\/2025\/08\/0024ce6b-e01d-4723-b211-6cbd7e0e2731-600x360.jpg\" alt=\"\"\/><\/p>\n<p>                        nouvelles<\/p>\n<p>                            <img decoding=\"async\" src=\"https:\/\/www.europesays.com\/fr\/wp-content\/uploads\/2025\/08\/LogoExpress-96x96.png\" alt=\"\"\/><\/p>\n<p>                        Gazeta Express<br \/>\n                        22\/08\/2025 17:40<\/p>\n<p>Les pays QUINT et le Bureau de l&rsquo;UE au Kosovo ont r\u00e9agi apr\u00e8s que la Commission \u00e9lectorale centrale n&rsquo;a pas certifi\u00e9 la liste serbe pour les \u00e9lections locales du 12 octobre.<\/p>\n<p>Dans une d\u00e9claration commune, QUINT a exhort\u00e9 le gouvernement sortant d&rsquo;Albin Kurti et les autres partis \u00e0 s&rsquo;abstenir de toute nouvelle mesure qui entraverait l&rsquo;enregistrement des partis.<\/p>\n<p>\u00ab Les ambassades de France, d&rsquo;Allemagne, d&rsquo;Italie, du Royaume-Uni et des \u00c9tats-Unis, ainsi que le Bureau de l&rsquo;UE au Kosovo, expriment leur inqui\u00e9tude face aux efforts des acteurs politiques visant \u00e0 limiter la concurrence entre les partis politiques repr\u00e9sentant les communaut\u00e9s non majoritaires \u00e0 l&rsquo;approche des \u00e9lections locales du 12 octobre. Tout acte de ce type visant \u00e0 exclure certaines communaut\u00e9s porte atteinte aux principes d\u00e9mocratiques et \u00e9rode la confiance dans les institutions du Kosovo \u00bb, peut-on lire dans la r\u00e9action.<\/p>\n<p>QUINT a encourag\u00e9 les parties concern\u00e9es \u00e0 s\u2019adresser \u00e0 l\u2019ECAP et \u00e0 demander une indemnisation.<\/p>\n<p>Nous attendons du gouvernement sortant et de tous les partis politiques qu&rsquo;ils s&rsquo;abstiennent de toute nouvelle mesure susceptible d&rsquo;entraver l&rsquo;enregistrement des partis. Toutes les proc\u00e9dures doivent \u00eatre men\u00e9es dans le strict respect des r\u00e8gles et du mandat de la Commission \u00e9lectorale centrale. Parall\u00e8lement, nous encourageons les partis concern\u00e9s \u00e0 recourir pleinement \u00e0 la Commission des plaintes et des recours \u00e9lectoraux pour obtenir r\u00e9paration.<\/p>\n<p>La recommandation de certification de la Liste serbe n&rsquo;a re\u00e7u hier que 2 voix pour, 2 contre et 7 abstentions, malgr\u00e9 les avertissements de la Charg\u00e9e d&rsquo;Affaires de l&rsquo;Ambassade des Etats-Unis au Kosovo, Anu Prattipati.<\/p>\n<p>Les membres du mouvement Vetevendosje au sein de la CEC, Sami Kurteshi et Alban Krasniqi, se sont oppos\u00e9s \u00e0 la certification de ce parti et ont vot\u00e9 contre, tandis que les membres d&rsquo;autres partis politiques au sein de la CEC se sont abstenus de voter. \/Express\/<\/p>\n","protected":false},"excerpt":{"rendered":"QUINT et le Bureau de l&rsquo;UE r\u00e9pondent au gouvernement et aux parties concernant la non-certification de la Srpska&hellip;\n","protected":false},"author":2,"featured_media":336808,"comment_status":"","ping_status":"","sticky":false,"template":"","format":"standard","meta":{"footnotes":""},"categories":[1586],"tags":[11,1777,674,1779,1011,27,12,25,1778,364],"class_list":{"0":"post-336807","1":"post","2":"type-post","3":"status-publish","4":"format-standard","5":"has-post-thumbnail","7":"category-europe","8":"tag-actualites","9":"tag-eu","10":"tag-europe","11":"tag-european-union","12":"tag-fr","13":"tag-france","14":"tag-news","15":"tag-republique-francaise","16":"tag-ue","17":"tag-union-europeenne"},"share_on_mastodon":{"url":"https:\/\/pubeurope.com\/@fr\/115073951012290118","error":""},"_links":{"self":[{"href":"https:\/\/www.europesays.com\/fr\/wp-json\/wp\/v2\/posts\/336807","targetHints":{"allow":["GET"]}}],"collection":[{"href":"https:\/\/www.europesays.com\/fr\/wp-json\/wp\/v2\/posts"}],"about":[{"href":"https:\/\/www.europesays.com\/fr\/wp-json\/wp\/v2\/types\/post"}],"author":[{"embeddable":true,"href":"https:\/\/www.europesays.com\/fr\/wp-json\/wp\/v2\/users\/2"}],"replies":[{"embeddable":true,"href":"https:\/\/www.europesays.com\/fr\/wp-json\/wp\/v2\/comments?post=336807"}],"version-history":[{"count":0,"href":"https:\/\/www.europesays.com\/fr\/wp-json\/wp\/v2\/posts\/336807\/revisions"}],"wp:featuredmedia":[{"embeddable":true,"href":"https:\/\/www.europesays.com\/fr\/wp-json\/wp\/v2\/media\/336808"}],"wp:attachment":[{"href":"https:\/\/www.europesays.com\/fr\/wp-json\/wp\/v2\/media?parent=336807"}],"wp:term":[{"taxonomy":"category","embeddable":true,"href":"https:\/\/www.europesays.com\/fr\/wp-json\/wp\/v2\/categories?post=336807"},{"taxonomy":"post_tag","embeddable":true,"href":"https:\/\/www.europesays.com\/fr\/wp-json\/wp\/v2\/tags?post=336807"}],"curies":[{"name":"wp","href":"https:\/\/api.w.org\/{rel}","templated":true}]}}