{"id":336815,"date":"2025-08-22T19:01:12","date_gmt":"2025-08-22T19:01:12","guid":{"rendered":"https:\/\/www.europesays.com\/fr\/336815\/"},"modified":"2025-08-22T19:01:12","modified_gmt":"2025-08-22T19:01:12","slug":"junior-ryder-cup-la-grande-aventure-dune-bande-de-potes","status":"publish","type":"post","link":"https:\/\/www.europesays.com\/fr\/336815\/","title":{"rendered":"Junior Ryder Cup\u00a0: La grande aventure d&rsquo;une bande de potes"},"content":{"rendered":"<p>La <strong>Junior Ryder Cup<\/strong> 2025 se d\u00e9roulera sur quatre sessions de jeu, r\u00e9parties en trois journ\u00e9es. Mais la plus attendue par les joueurs est forc\u00e9ment la derni\u00e8re, celle des simples, la seule qui se d\u00e9roulera sur le <strong>Black Course<\/strong> de <strong>Bethpage<\/strong>, qui verra d\u00e8s le lendemain matin d\u00e9buter la<strong> Ryder Cup<\/strong>, la vraie. Ayant connu l\u2019exp\u00e9rience de jouer dans la grande ar\u00e8ne il y a deux ans au <strong>Marco Simone<\/strong>, <strong>Lev Grinberg <\/strong>se souvient d\u2019avoir d\u00fb \u00e9voluer avec environ 40\u00a0000 personnes sur le bord du parcours, parmi lesquels quelques joueurs de la grande \u00e9quipe. \u00ab\u00a0Au d\u00e9but, c&rsquo;est dur, mais apr\u00e8s, on finit par se concentrer sur le jeu\u00a0\u00bb, se souvient-il, lui qui s&rsquo;est retrouv\u00e9 \u00e0 devoir driver avec <strong>Jon Rahm <\/strong>et <strong>Rory McIlroy <\/strong>dans le public. \u00ab\u00a0C&rsquo;est excitant d&rsquo;aller jouer sur le parcours de la Ryder Cup. Je pense que le 1 va \u00eatre compliqu\u00e9, mais apr\u00e8s, \u00e7a va aller\u00a0\u00bb, pr\u00e9voit de son c\u00f4t\u00e9 <strong>Callixte Alzas<\/strong>.<\/p>\n<p>Une fois leurs trois journ\u00e9es de comp\u00e9tition termin\u00e9es, les trois camarades, ainsi que l&rsquo;int\u00e9gralit\u00e9 de l&rsquo;\u00e9quipe europ\u00e9enne, pourront profiter d&rsquo;une superbe exp\u00e9rience de spectateur lors de la <strong>Ryder Cup<\/strong>. Mais avant de plonger dans l\u2019\u00e9motion d\u2019une longue semaine, les trois copains prennent quand m\u00eame le temps de jeter un \u0153il dans le r\u00e9troviseur. Car participer \u00e0 un \u00e9v\u00e9nement tel que la <strong>Junior Ryder Cup <\/strong>\u00e9tait non seulement un r\u00eave, mais aussi un des objectifs qu\u2019ils s\u2019\u00e9taient fix\u00e9s en tant que groupe. \u00ab\u00a0On a eu une r\u00e9union avec Kenny [Le Sager, entra\u00eeneur du Centre national de performance du Golf National, NDLR] il y a trois ou quatre ans. On \u00e9tait tous les quatre dans la salle, avec Oscar. On y a instaur\u00e9 les valeurs qu\u2019on devait mettre dans notre groupe, les moyens, pour que les choses se mettent en place et qu\u2019on atteigne des objectifs comme celui-l\u00e0. On voulait simplement \u00eatre les meilleurs.\u00a0\u00bb Un objectif bien rempli pour le joueur de Saint-Cloud, qui se souvient avoir vu la <strong>Ryder Cup <\/strong>\u00e0 la t\u00e9l\u00e9, il y a quelques ann\u00e9es lorsqu&rsquo;il rentrait de l&rsquo;\u00e9cole primaire.<\/p>\n<p>Cette fois-ci, donc, les jeunes Fran\u00e7ais ne seront plus devant l&rsquo;\u00e9cran, mais bien dedans. Dans la cour des grands, et avec de l&rsquo;envie. Comment la r\u00e9sumer en un mot\u00a0? \u00ab\u00a0Bien repr\u00e9senter notre continent\u00a0\u00bb, clame <strong>Hugo Le Goff<\/strong>. Bon, oui, \u00e7a fait plusieurs mots. Mais ils sonnent si bien.<\/p>\n","protected":false},"excerpt":{"rendered":"La Junior Ryder Cup 2025 se d\u00e9roulera sur quatre sessions de jeu, r\u00e9parties en trois journ\u00e9es. Mais la&hellip;\n","protected":false},"author":2,"featured_media":336816,"comment_status":"","ping_status":"","sticky":false,"template":"","format":"standard","meta":{"footnotes":""},"categories":[1418],"tags":[1011,27,1472,60],"class_list":{"0":"post-336815","1":"post","2":"type-post","3":"status-publish","4":"format-standard","5":"has-post-thumbnail","7":"category-golf","8":"tag-fr","9":"tag-france","10":"tag-golf","11":"tag-sports"},"share_on_mastodon":{"url":"https:\/\/pubeurope.com\/@fr\/115073966611792109","error":""},"_links":{"self":[{"href":"https:\/\/www.europesays.com\/fr\/wp-json\/wp\/v2\/posts\/336815","targetHints":{"allow":["GET"]}}],"collection":[{"href":"https:\/\/www.europesays.com\/fr\/wp-json\/wp\/v2\/posts"}],"about":[{"href":"https:\/\/www.europesays.com\/fr\/wp-json\/wp\/v2\/types\/post"}],"author":[{"embeddable":true,"href":"https:\/\/www.europesays.com\/fr\/wp-json\/wp\/v2\/users\/2"}],"replies":[{"embeddable":true,"href":"https:\/\/www.europesays.com\/fr\/wp-json\/wp\/v2\/comments?post=336815"}],"version-history":[{"count":0,"href":"https:\/\/www.europesays.com\/fr\/wp-json\/wp\/v2\/posts\/336815\/revisions"}],"wp:featuredmedia":[{"embeddable":true,"href":"https:\/\/www.europesays.com\/fr\/wp-json\/wp\/v2\/media\/336816"}],"wp:attachment":[{"href":"https:\/\/www.europesays.com\/fr\/wp-json\/wp\/v2\/media?parent=336815"}],"wp:term":[{"taxonomy":"category","embeddable":true,"href":"https:\/\/www.europesays.com\/fr\/wp-json\/wp\/v2\/categories?post=336815"},{"taxonomy":"post_tag","embeddable":true,"href":"https:\/\/www.europesays.com\/fr\/wp-json\/wp\/v2\/tags?post=336815"}],"curies":[{"name":"wp","href":"https:\/\/api.w.org\/{rel}","templated":true}]}}