{"id":336819,"date":"2025-08-22T19:04:11","date_gmt":"2025-08-22T19:04:11","guid":{"rendered":"https:\/\/www.europesays.com\/fr\/336819\/"},"modified":"2025-08-22T19:04:11","modified_gmt":"2025-08-22T19:04:11","slug":"atp-holger-rune-mon-objectif-est-de-remporter-autant-de-tournois-du-grand-chelem-que-possible-et-detre-numero-un-mondial","status":"publish","type":"post","link":"https:\/\/www.europesays.com\/fr\/336819\/","title":{"rendered":"ATP > Holger Rune : \u00ab\u00a0Mon objectif est de remporter autant de tournois du Grand Chelem que possible et d&rsquo;\u00eatre num\u00e9ro un mondial\u00a0\u00bb"},"content":{"rendered":"<p>Depuis quatre ans, Holger Rune est un joueur bien \u00e9tabli du circuit ATP. Seulement, si le Danois \u00e9tait vu comme le membre du futur \u00ab\u202fBig Three\u202f\u00bb aux c\u00f4t\u00e9s de Jannik Sinner et Carlos Alcaraz, le constat est plut\u00f4t contrast\u00e9 pour le moment.\u00a0<\/p>\n<p>L\u2019actuel onzi\u00e8me joueur mondial est capable de marcher sur l\u2019eau, comme en finale de l\u2019ATP 500 de Barcelone contre Carlitos, mais aussi de longues traver\u00ads\u00e9es du d\u00e9sert. Malgr\u00e9 tout, le natif de Gentofte reste convaincu de sa capa\u00adcit\u00e9 \u00e0 atteindre ses objec\u00adtifs \u00e9lev\u00e9s, tout en admet\u00adtant son irr\u00e9\u00adgu\u00adla\u00adrit\u00e9, dans un entre\u00adtien accord\u00e9 au <a href=\"https:\/\/www.theguardian.com\/sport\/2025\/aug\/22\/tennis-us-open-holger-rune-carlos-alcaraz-jannik-sinner\" data-wpel-link=\"external\" target=\"_blank\" rel=\"nofollow external noopener\">Guardian<\/a>.<\/p>\n<p><strong>\u00ab\u202fMon objectif est de remporter autant de tour\u00adnois du Grand Chelem que possible et d\u2019\u00eatre num\u00e9ro 1 mondial. C\u2019est tr\u00e8s clair pour moi et \u00e7a l\u2019a toujours \u00e9t\u00e9 depuis que je suis enfant. Mon probl\u00e8me n\u2019est pas de battre ces gars\u2010l\u00e0 (Sinner et Alcaraz). Mon probl\u00e8me est d\u2019\u00eatre constant et d\u2019aller loin dans chaque tournoi pour avoir la chance de les affronter plus souvent, car je pense que c\u2019est l\u00e0 que je peux am\u00e9liorer mon niveau. Il est tr\u00e8s clair que lorsque Carlos et Jannik s\u2019af\u00adfrontent, ils \u00e9l\u00e8vent leur niveau. Ils se poussent mutuel\u00adle\u00adment comme des fous, et c\u2019est un aspect tr\u00e8s exci\u00adtant de ce sport. Donc, avoir un bon face\u2010\u00e0\u2010face contre eux, et aussi au d\u00e9but contre Novak Djokovic quand il \u00e9tait au sommet, me fait savoir que je peux y arriver. Il s\u2019agit simple\u00adment d\u2019\u00eatre constant\u202f\u00bb.\u00a0<\/strong><\/p>\n<p class=\"post-published-date\" style=\"color: silver; font-size: 75%; text-align: left;\">Publi\u00e9 le vendredi 22 ao\u00fbt 2025 \u00e0 19:46<\/p>\n","protected":false},"excerpt":{"rendered":"Depuis quatre ans, Holger Rune est un joueur bien \u00e9tabli du circuit ATP. Seulement, si le Danois \u00e9tait&hellip;\n","protected":false},"author":2,"featured_media":274969,"comment_status":"","ping_status":"","sticky":false,"template":"","format":"standard","meta":{"footnotes":""},"categories":[1415],"tags":[1744,105,1011,27,2127,60,1467],"class_list":{"0":"post-336819","1":"post","2":"type-post","3":"status-publish","4":"format-standard","5":"has-post-thumbnail","7":"category-tennis","8":"tag-alcaraz","9":"tag-djokovic","10":"tag-fr","11":"tag-france","12":"tag-sinner","13":"tag-sports","14":"tag-tennis"},"share_on_mastodon":{"url":"https:\/\/pubeurope.com\/@fr\/115073978605283718","error":""},"_links":{"self":[{"href":"https:\/\/www.europesays.com\/fr\/wp-json\/wp\/v2\/posts\/336819","targetHints":{"allow":["GET"]}}],"collection":[{"href":"https:\/\/www.europesays.com\/fr\/wp-json\/wp\/v2\/posts"}],"about":[{"href":"https:\/\/www.europesays.com\/fr\/wp-json\/wp\/v2\/types\/post"}],"author":[{"embeddable":true,"href":"https:\/\/www.europesays.com\/fr\/wp-json\/wp\/v2\/users\/2"}],"replies":[{"embeddable":true,"href":"https:\/\/www.europesays.com\/fr\/wp-json\/wp\/v2\/comments?post=336819"}],"version-history":[{"count":0,"href":"https:\/\/www.europesays.com\/fr\/wp-json\/wp\/v2\/posts\/336819\/revisions"}],"wp:featuredmedia":[{"embeddable":true,"href":"https:\/\/www.europesays.com\/fr\/wp-json\/wp\/v2\/media\/274969"}],"wp:attachment":[{"href":"https:\/\/www.europesays.com\/fr\/wp-json\/wp\/v2\/media?parent=336819"}],"wp:term":[{"taxonomy":"category","embeddable":true,"href":"https:\/\/www.europesays.com\/fr\/wp-json\/wp\/v2\/categories?post=336819"},{"taxonomy":"post_tag","embeddable":true,"href":"https:\/\/www.europesays.com\/fr\/wp-json\/wp\/v2\/tags?post=336819"}],"curies":[{"name":"wp","href":"https:\/\/api.w.org\/{rel}","templated":true}]}}