{"id":336820,"date":"2025-08-22T19:05:16","date_gmt":"2025-08-22T19:05:16","guid":{"rendered":"https:\/\/www.europesays.com\/fr\/336820\/"},"modified":"2025-08-22T19:05:16","modified_gmt":"2025-08-22T19:05:16","slug":"la-ffbb-inflige-une-tres-lourde-amende-a-las-monaco-et-sanctionne-egalement-mike-james","status":"publish","type":"post","link":"https:\/\/www.europesays.com\/fr\/336820\/","title":{"rendered":"La FFBB inflige une tr\u00e8s lourde amende \u00e0 l&rsquo;AS Monaco et sanctionne \u00e9galement Mike James !"},"content":{"rendered":"<p>Dans son budget, l\u2019AS Monaco peut provisionner en amont de quoi payer ses nombreuses amendes. Rien que cette saison, le club de la Principaut\u00e9 a d\u00fb s\u2019acquitter de <a target=\"_blank\" rel=\"noopener\" href=\"https:\/\/www.bebasket.fr\/la-luxury-tax-de-monaco-considerablement-reduite-par-la-chambre-dappel-de-la-ffbb\">258 330,30 euros<\/a> de Luxury Tax, <a target=\"_blank\" rel=\"noopener\" href=\"https:\/\/www.bebasket.fr\/las-monaco-deboutee-en-appel-la-ffbb-confirme-le-retrait-dune-victoire\">de 20 000 euros<\/a> aupr\u00e8s de la LNB pour avoir r\u00e9mun\u00e9r\u00e9 en partie Mike James gr\u00e2ce \u00e0 un contrat d\u2019image non d\u00e9clar\u00e9, <a target=\"_blank\" rel=\"noopener\" href=\"https:\/\/www.bebasket.fr\/las-monaco-de-nouveau-condamnee-a-une-lourde-amende-par-la-lnb-18-500-euros\">de 18 500 euros<\/a> aupr\u00e8s de la LNB pour avoir align\u00e9 des joueurs qui n\u2019avaient th\u00e9oriquement pas le droit de jouer en pr\u00e9saison et d\u2019un ch\u00e8que au <a target=\"_blank\" rel=\"noopener\" href=\"https:\/\/www.bebasket.fr\/las-monaco-mise-a-lamende-par-leuroleague\">montant inconnu<\/a> aupr\u00e8s de l\u2019EuroLeague pour avoir enfreint deux r\u00e8gles du fair-play financier\u2026<\/p>\n<p>Cette fois, c\u2019est la Commission des Agents Sportifs de la f\u00e9d\u00e9ration qui a sanctionn\u00e9 l\u2019AS Monaco, coupable d\u2019avoir eu recours \u00e0 un agent sportif non titulaire de la licence d\u2019agent sportif FFBB lors de la signature du contrat de\u00a0<a title=\"Mike James\" target=\"_blank\" rel=\"noopener\" href=\"https:\/\/www.bebasket.fr\/joueur\/mike-james\">Mike James<\/a> en 2022.<\/p>\n<p><strong>100 000 euros ferme d\u2019amende pour l\u2019ASM<\/strong><\/p>\n<p>Pour avoir enfreint l\u2019article L.222-7 du code du sport, l\u2019AS Monaco a \u00e9t\u00e9 condamn\u00e9e \u00e0 une tr\u00e8s lourde amende : 200 000 euros, dont 100 000 euros avec sursis. De son c\u00f4t\u00e9, Aleksej Fedorychev s\u2019est vu attribuer un avertissement tandis que\u00a0<strong>Mike James\u00a0<\/strong>a \u00e9cop\u00e9 d\u2019une suspension d\u2019un mois avec sursis. Potentiellement probl\u00e9matique dans la mesure o\u00f9 le MVP de l\u2019EuroLeague a depuis paraph\u00e9 un nouveau contrat de trois ans avec l\u2019ASM, sign\u00e9 l\u2019\u00e9t\u00e9 dernier.\u00a0<\/p>\n<p><a href=\"https:\/\/wp.bebasket.fr\/images\/2025\/04\/Capture-de\u0301cran-2025-04-17-a\u0300-19.47.28.png\" target=\"_blank\" rel=\"noopener\"><img decoding=\"async\" loading=\"lazy\" class=\" wp-image-181789\" src=\"https:\/\/wp.bebasket.fr\/images\/2025\/04\/Capture-de\u0301cran-2025-04-17-a\u0300-19.47.28.png\" alt=\"\" width=\"627\" height=\"214\"  \/><\/a>Les sanctions inflig\u00e9es \u00e0 l\u2019AS Monaco et Mike James<\/p>\n<p>L\u2019AS Monaco dispose d\u2019un recours de conciliation aupr\u00e8s du CNOSF puis de la possibilit\u00e9 de contester cette d\u00e9cision aupr\u00e8s du Tribunal Administratif.<\/p>\n","protected":false},"excerpt":{"rendered":"Dans son budget, l\u2019AS Monaco peut provisionner en amont de quoi payer ses nombreuses amendes. Rien que cette&hellip;\n","protected":false},"author":2,"featured_media":336821,"comment_status":"","ping_status":"","sticky":false,"template":"","format":"standard","meta":{"footnotes":""},"categories":[1414],"tags":[1465,1464,1011,27,60],"class_list":{"0":"post-336820","1":"post","2":"type-post","3":"status-publish","4":"format-standard","5":"has-post-thumbnail","7":"category-basket","8":"tag-basket","9":"tag-basketball","10":"tag-fr","11":"tag-france","12":"tag-sports"},"share_on_mastodon":{"url":"https:\/\/pubeurope.com\/@fr\/115073982458125928","error":""},"_links":{"self":[{"href":"https:\/\/www.europesays.com\/fr\/wp-json\/wp\/v2\/posts\/336820","targetHints":{"allow":["GET"]}}],"collection":[{"href":"https:\/\/www.europesays.com\/fr\/wp-json\/wp\/v2\/posts"}],"about":[{"href":"https:\/\/www.europesays.com\/fr\/wp-json\/wp\/v2\/types\/post"}],"author":[{"embeddable":true,"href":"https:\/\/www.europesays.com\/fr\/wp-json\/wp\/v2\/users\/2"}],"replies":[{"embeddable":true,"href":"https:\/\/www.europesays.com\/fr\/wp-json\/wp\/v2\/comments?post=336820"}],"version-history":[{"count":0,"href":"https:\/\/www.europesays.com\/fr\/wp-json\/wp\/v2\/posts\/336820\/revisions"}],"wp:featuredmedia":[{"embeddable":true,"href":"https:\/\/www.europesays.com\/fr\/wp-json\/wp\/v2\/media\/336821"}],"wp:attachment":[{"href":"https:\/\/www.europesays.com\/fr\/wp-json\/wp\/v2\/media?parent=336820"}],"wp:term":[{"taxonomy":"category","embeddable":true,"href":"https:\/\/www.europesays.com\/fr\/wp-json\/wp\/v2\/categories?post=336820"},{"taxonomy":"post_tag","embeddable":true,"href":"https:\/\/www.europesays.com\/fr\/wp-json\/wp\/v2\/tags?post=336820"}],"curies":[{"name":"wp","href":"https:\/\/api.w.org\/{rel}","templated":true}]}}