{"id":336822,"date":"2025-08-22T19:06:16","date_gmt":"2025-08-22T19:06:16","guid":{"rendered":"https:\/\/www.europesays.com\/fr\/336822\/"},"modified":"2025-08-22T19:06:16","modified_gmt":"2025-08-22T19:06:16","slug":"alex-marquez-et-jack-miller-penalises-apres-leur-querelle-en-piste","status":"publish","type":"post","link":"https:\/\/www.europesays.com\/fr\/336822\/","title":{"rendered":"\u00c1lex M\u00e1rquez et Jack Miller p\u00e9nalis\u00e9s apr\u00e8s leur querelle en piste"},"content":{"rendered":"<p>\u00ab\u00a0Je veux vivre un week-end normal, pas de blessure, pas de p\u00e9nalit\u00e9, rien de la sorte.\u00a0\u00bb Les incantations d&rsquo;<a href=\"https:\/\/fr.motorsport.com\/driver\/alex-marquez\/96324\/\" target=\"_blank\" rel=\"noopener\">\u00c1lex M\u00e1rquez<\/a>, qui encha\u00eene les d\u00e9convenues depuis quelques courses, n&rsquo;ont pas eu les effets escompt\u00e9s ce vendredi au Balaton Park, puisque l&rsquo;Espagnol a re\u00e7u trois places de p\u00e9nalit\u00e9 pour sa dispute en piste avec <a href=\"https:\/\/fr.motorsport.com\/driver\/jack-miller\/96423\/\" target=\"_blank\" rel=\"noopener\">Jack Miller<\/a>, sanctionn\u00e9 de fa\u00e7on identique.<\/p>\n<p>Les deux hommes \u00e9taient en d\u00e9saccord au beau milieu de la piste, ce qui a g\u00ean\u00e9 <a href=\"https:\/\/fr.motorsport.com\/driver\/pecco-bagnaia\/109394\/\" target=\"_blank\" rel=\"noopener\">Pecco Bagnaia<\/a>, qui arrivait derri\u00e8re eux. Les commissaires de course les ont renvoy\u00e9s dos \u00e0 dos et ont soulign\u00e9 qu&rsquo;ils \u00e9taient \u00ab\u00a0lents sur la trajectoire au cours des 20 derni\u00e8res minutes des Essais\u00a0\u00bb et qu&rsquo;ils ont \u00ab\u00a0g\u00ean\u00e9 un autre pilote et directement affect\u00e9 son passage en Q2\u00a0\u00bb.<\/p>\n<p>La sanction sera de trois places sur la grille de d\u00e9part pour les deux pilotes. Elle ne sera applicable que pour la course principale et pas pour le sprint de samedi apr\u00e8s-midi.<\/p>\n<p>Un effet domino dont Bagnaia a fait les frais<\/p>\n<p>Cet incident est en fait la cons\u00e9quence de plusieurs d\u00e9saccords entre pilotes, sur un Balaton Park \u00e9troit et sur lequel des incidents de la sorte peuvent rapidement avoir des cons\u00e9quences. L&rsquo;incident a en fait d\u00e9but\u00e9 plusieurs virages avant ce qui a \u00e9t\u00e9 diffus\u00e9.<\/p>\n<p>\u00ab\u00a0\u00c7a a commenc\u00e9 au secteur 4\u00a0\u00bb, a expliqu\u00e9 \u00c1lex M\u00e1rquez. \u00ab\u00a0J&rsquo;\u00e9tais dans un tour rapide, je suis tomb\u00e9 sur Diggia arr\u00eat\u00e9 au milieu, qui pr\u00e9parait son tour. J&rsquo;ai perdu [du temps]. Au premier virage, je suis sorti un peu large, dans l&rsquo;aspiration de Diggia, je suis revenu et au virage 2, je me suis dit &lsquo;OK, j&rsquo;ai perdu beaucoup de temps, je ne vais pas attaquer&rsquo;. J&rsquo;\u00e9tais \u00e0 l&rsquo;int\u00e9rieur et je n&rsquo;ai pas vu Miller.\u00a0\u00bb Je n&rsquo;ai pas revu la man\u0153uvre avec Jack mais il \u00e9tait dans mon aspiration.\u00a0\u00bb<\/p>\n<p>\u00a0<\/p>\n<p>\u00ab\u00a0Il a commenc\u00e9 \u00e0 se plaindre mais il a oubli\u00e9 que Pecco et un autre pilote arrivaient. J&rsquo;\u00e9tais un peu hors trajectoire, il \u00e9tait un peu plus sur la trajectoire. C&rsquo;est le cumul de beaucoup de choses. Et quand il y a une nouvelle piste, c&rsquo;est dur pour les pilotes de savoir o\u00f9 s&rsquo;arr\u00eater ou pas pour \u00e9viter ces soucis.\u00a0\u00bb<\/p>\n<p>Miller a confirm\u00e9 l&rsquo;incident et a d\u00e9crit un \u00ab\u00a0effet domino\u00a0\u00bb et a compris l&rsquo;agacement de M\u00e1rquez face \u00e0 Di Giannantonio. \u00ab\u00a0Je comprends sa frustration et [&#8230;] on oublie parfois o\u00f9 on est\u00a0\u00bb, a-t-il conc\u00e9d\u00e9.<\/p>\n<p>Bagnaia a de son c\u00f4t\u00e9 d\u00e9plor\u00e9 de voir M\u00e1rquez et Miller se chamailler au beau milieu de la trajectoire. \u00ab\u00a0Sinc\u00e8rement, tu attaques pour ton time attack, la deuxi\u00e8me tentative est celle dans laquelle tu attaques vraiment, et ils se disputaient sur la trajectoire, je ne sais pas pourquoi\u00a0\u00bb, a <a href=\"https:\/\/fr.motorsport.com\/motogp\/news\/bagnaia-attendait-souffrir-hongrie-dur-imaginer-top-10\/10752555\/\" target=\"_blank\" rel=\"noopener\">d\u00e9crit le pilote Ducati<\/a>. \u00ab\u00a0C&rsquo;est un peu bizarre.\u00a0\u00bb<\/p>\n<p>Lire aussi :<\/p>\n<p>Dans cet article<\/p>\n<p>Soyez le premier inform\u00e9 et souscrivez aux alertes mails pour recevoir les infos en temps r\u00e9el<\/p>\n<p>    S&rsquo;abonner aux alertes de news<\/p>\n","protected":false},"excerpt":{"rendered":"\u00ab\u00a0Je veux vivre un week-end normal, pas de blessure, pas de p\u00e9nalit\u00e9, rien de la sorte.\u00a0\u00bb Les incantations&hellip;\n","protected":false},"author":2,"featured_media":336823,"comment_status":"","ping_status":"","sticky":false,"template":"","format":"standard","meta":{"footnotes":""},"categories":[1413],"tags":[21747,1011,27,21746,3452,12836,1457,1456,1458,3593,60,7896,47326],"class_list":{"0":"post-336822","1":"post","2":"type-post","3":"status-publish","4":"format-standard","5":"has-post-thumbnail","7":"category-moto","8":"tag-balaton-park","9":"tag-fr","10":"tag-france","11":"tag-gp-de-hongrie","12":"tag-gresini-racing","13":"tag-jack-miller","14":"tag-moto","15":"tag-motocycle","16":"tag-motogp","17":"tag-pramac-racing","18":"tag-sports","19":"tag-u00c1lex-mu00e1rquez","20":"tag-u00c1lex-mu00e1rquez-et-jack-miller-pu00e9nalisu00e9s-apru00e8s-leur-querelle-en-piste"},"share_on_mastodon":{"url":"https:\/\/pubeurope.com\/@fr\/115073986332958157","error":""},"_links":{"self":[{"href":"https:\/\/www.europesays.com\/fr\/wp-json\/wp\/v2\/posts\/336822","targetHints":{"allow":["GET"]}}],"collection":[{"href":"https:\/\/www.europesays.com\/fr\/wp-json\/wp\/v2\/posts"}],"about":[{"href":"https:\/\/www.europesays.com\/fr\/wp-json\/wp\/v2\/types\/post"}],"author":[{"embeddable":true,"href":"https:\/\/www.europesays.com\/fr\/wp-json\/wp\/v2\/users\/2"}],"replies":[{"embeddable":true,"href":"https:\/\/www.europesays.com\/fr\/wp-json\/wp\/v2\/comments?post=336822"}],"version-history":[{"count":0,"href":"https:\/\/www.europesays.com\/fr\/wp-json\/wp\/v2\/posts\/336822\/revisions"}],"wp:featuredmedia":[{"embeddable":true,"href":"https:\/\/www.europesays.com\/fr\/wp-json\/wp\/v2\/media\/336823"}],"wp:attachment":[{"href":"https:\/\/www.europesays.com\/fr\/wp-json\/wp\/v2\/media?parent=336822"}],"wp:term":[{"taxonomy":"category","embeddable":true,"href":"https:\/\/www.europesays.com\/fr\/wp-json\/wp\/v2\/categories?post=336822"},{"taxonomy":"post_tag","embeddable":true,"href":"https:\/\/www.europesays.com\/fr\/wp-json\/wp\/v2\/tags?post=336822"}],"curies":[{"name":"wp","href":"https:\/\/api.w.org\/{rel}","templated":true}]}}