{"id":336824,"date":"2025-08-22T19:07:17","date_gmt":"2025-08-22T19:07:17","guid":{"rendered":"https:\/\/www.europesays.com\/fr\/336824\/"},"modified":"2025-08-22T19:07:17","modified_gmt":"2025-08-22T19:07:17","slug":"en-direct-psg-angers-paris-domine-largement-cette-rencontre-angers-dans-le-dur","status":"publish","type":"post","link":"https:\/\/www.europesays.com\/fr\/336824\/","title":{"rendered":"EN DIRECT &#8211; PSG-Angers : Paris domine largement cette rencontre, Angers dans le dur"},"content":{"rendered":"<p>Apr\u00e8s leur victoire sur les Nantais, les Parisiens re\u00e7oivent les Angevins en ouverture de la 2e journ\u00e9e. Les cinq troph\u00e9es remport\u00e9s par le PSG depuis un an seront pr\u00e9sent\u00e9s au public parisien.<\/p>\n<p>\n        21:03\n            <\/p>\n<p class=\"fig-live-post__title\" role=\"heading\" aria-level=\"3\">Nouveau corner pour le PSG (17e, 0-0)<\/p>\n<p class=\"fig-paragraph\">Belle louche de Vitinha pour Hakimi. Le centre du Marocain est contr\u00e9 et le corner ne donne rien.<\/p>\n<p>\n        21:01\n            <\/p>\n<p class=\"fig-live-post__title\" role=\"heading\" aria-level=\"3\">Angers dans le dur ( 14e, 0-0)<\/p>\n<p class=\"fig-paragraph\">Premier arr\u00eat pour Koffi. Le gardien du SCO capte tranquillement la frappe d\u2019Hakimi.<\/p>\n<p>\n        20:58\n            <\/p>\n<p class=\"fig-live-post__title\" role=\"heading\" aria-level=\"3\">Corner pour Paris (12e, 0-0)<\/p>\n<p class=\"fig-paragraph\">Ce corner est jou\u00e9 rapidement. Dou\u00e9 donne \u00e0 Ruiz qui est hors jeu.<\/p>\n<p>\n        20:56\n            <\/p>\n<p class=\"fig-live-post__title\" role=\"heading\" aria-level=\"3\">Paris facile (10e, 0-0)<\/p>\n<p class=\"fig-paragraph\">D\u00e9sir\u00e9 Dou\u00e9 fait une belle diff\u00e9rence sur le c\u00f4t\u00e9 gauche. Son centre est d\u00e9gag\u00e9. Touche pour les joueurs de Luis Enrique.<\/p>\n<p>\n        20:54\n            <\/p>\n<p class=\"fig-live-post__title\" role=\"heading\" aria-level=\"3\">Neves dirige le jeu du PSG (8e, 0-0)<\/p>\n<p class=\"fig-paragraph\">Le PSG domine ce d\u00e9but de match. Premi\u00e8re combinaison entre Neves Barcola et Mendes. Le premier corner de la rencontre ne donne rien.<\/p>\n<p>\n        20:52\n            <\/p>\n<p class=\"fig-live-post__title\" role=\"heading\" aria-level=\"3\">Ballon de contre pour Angers (6e, 0-0)<\/p>\n<p class=\"fig-paragraph\">Un ballon qui aurait pu \u00eatre int\u00e9ressant mais qui ne donne rien. Marquinhos r\u00e9cup\u00e8re le ballon sans trembler. Il relance.<\/p>\n<p>\n        20:49\n            <\/p>\n<p class=\"fig-live-post__title\" role=\"heading\" aria-level=\"3\">Le PSG s\u2019installe (4e, 0-0)<\/p>\n<p class=\"fig-paragraph\">Toute l\u2019\u00e9quipe a touch\u00e9 le ballon, Paris s\u2019installe tranquillement. Hakimi perd le ballon, remise en jeu pour Angers.<\/p>\n<p>\n        20:47\n            <\/p>\n<p class=\"fig-live-post__title\" role=\"heading\" aria-level=\"3\">Premier ballon pour Paris (2e, 0-0)<\/p>\n<p class=\"fig-paragraph\">Le PSG garde d\u00e9j\u00e0 le ballon pour sa premi\u00e8re possession de la rencontre. La pelouse n\u2019est pas en bon \u00e9tat.<\/p>\n<p>\n        20:45\n            <\/p>\n<p class=\"fig-live-post__title\" role=\"heading\" aria-level=\"3\">D\u00e9but de la rencontre<\/p>\n<p class=\"fig-paragraph\">C\u2019est le PSG qui donne le coup d\u2019envoi de la rencontre.<\/p>\n<p>\n        20:40\n            <\/p>\n<p class=\"fig-live-post__title\" role=\"heading\" aria-level=\"3\">Les joueurs vont entrer sur la pelouse<\/p>\n<p class=\"fig-paragraph\">La deuxi\u00e8me journ\u00e9e de Ligue 1 est sur le point de commencer.<\/p>\n<p>\n        20:37\n            <\/p>\n<p class=\"fig-live-post__title\" role=\"heading\" aria-level=\"3\">Le coup d\u2019envoi approche<\/p>\n<p class=\"fig-paragraph\">La pression monte \u00e0 Paris. Les joueurs de la capitale vont fouler la pelouse du Parc des Princes pour la premi\u00e8re fois de la saison.<\/p>\n<p>\n        20:31\n            <\/p>\n<p class=\"fig-live-post__title\" role=\"heading\" aria-level=\"3\">Courtis\u00e9 par Rennes, Lepaul titulaire avec le SCO<\/p>\n<p class=\"fig-paragraph\">L\u2019attaquant d\u2019Angers a d\u00e9j\u00e0 inscrit un but lors de la victoire du SCO contre le Paris FC pour la premi\u00e8re journ\u00e9e. Courtis\u00e9 par Rennes qui a fait une offre pour attirer le joueur, Lepaul est titulaire au Parc des Princes.<\/p>\n<p>\n        20:25\n            <\/p>\n<p class=\"fig-live-post__title\" role=\"heading\" aria-level=\"3\">L\u2019\u00e9chauffement a commenc\u00e9<\/p>\n<p class=\"fig-paragraph\">Les joueurs sont sur le terrain \u00e0 20 minutes du coup d\u2019envoi de la rencontre.<\/p>\n<p>\n        20:20\n            <\/p>\n<p class=\"fig-live-post__title\" role=\"heading\" aria-level=\"3\">Le PSG aligne son \u00e9quipe type<\/p>\n<p class=\"fig-paragraph\">Lucas Chevalier va faire ses d\u00e9buts au Parc des Princes.<\/p>\n<p>\n        19:59\n            <\/p>\n<p class=\"fig-live-post__title\" role=\"heading\" aria-level=\"3\">Le vestiaire du PSG est pr\u00eat<\/p>\n<p>\n        19:57\n            <\/p>\n<p class=\"fig-live-post__title\" role=\"heading\" aria-level=\"3\">Reconnaissance de la pelouse<\/p>\n<p>\n        19:56\n            <\/p>\n<p class=\"fig-live-post__title\" role=\"heading\" aria-level=\"3\">La composition du SCO d\u2019Angers<\/p>\n<p class=\"fig-paragraph\">Pour son d\u00e9placement au Parc des Princes, Angers compte sur Lepaul pour tenter de cr\u00e9er la surprise.<\/p>\n<p>\n        19:53\n            <\/p>\n<p class=\"fig-live-post__title\" role=\"heading\" aria-level=\"3\">Les enjeux de la rencontre<\/p>\n<p class=\"fig-paragraph\">Le PSG retrouve sont entre apr\u00e8s une premi\u00e8re victoire 1-0 contre Nantes la semaine derni\u00e8re. Les joueurs de la capitale auront pour objectif d\u2019offrir du spectacle au public. De son c\u00f4t\u00e9, Angers reste sur une victoire \u00e0 domicile contre le Paris FC lors de la premi\u00e8re journ\u00e9e.<\/p>\n<p>\n        19:50\n            <\/p>\n<p class=\"fig-live-post__title\" role=\"heading\" aria-level=\"3\">Bonjour \u00e0 tous<\/p>\n<p class=\"fig-paragraph\">Bienvenue dans ce live du premier match de la deuxi\u00e8me journ\u00e9e de Ligue 1. Premier match \u00e0 domicile de la saison pour le PSG qui accueille le SCO d\u2019Angers \u00e0 20 h 45.<\/p>\n<p>                Les publications appara\u00eetront ici<\/p>\n<p>        Fermer<\/p>\n","protected":false},"excerpt":{"rendered":"Apr\u00e8s leur victoire sur les Nantais, les Parisiens re\u00e7oivent les Angevins en ouverture de la 2e journ\u00e9e. Les&hellip;\n","protected":false},"author":2,"featured_media":336825,"comment_status":"","ping_status":"","sticky":false,"template":"","format":"standard","meta":{"footnotes":""},"categories":[1412],"tags":[460,525,1981,814,1451,2257,63,1452,1453,1454,1455,1011,27,3309,66,1307,955,1176,978,91,93,1980,60],"class_list":{"0":"post-336824","1":"post","2":"type-post","3":"status-publish","4":"format-standard","5":"has-post-thumbnail","7":"category-f1","8":"tag-angers-sco","9":"tag-calendrier","10":"tag-classement","11":"tag-direct","12":"tag-f1","13":"tag-foot","14":"tag-football","15":"tag-formula-1","16":"tag-formula1","17":"tag-formule-1","18":"tag-formule1","19":"tag-fr","20":"tag-france","21":"tag-l1","22":"tag-ligue-1","23":"tag-lille","24":"tag-match","25":"tag-olympique-de-marseille","26":"tag-olympique-lyonnais","27":"tag-paris-saint-germain","28":"tag-psg","29":"tag-resultats","30":"tag-sports"},"share_on_mastodon":{"url":"https:\/\/pubeurope.com\/@fr\/115073990191319134","error":""},"_links":{"self":[{"href":"https:\/\/www.europesays.com\/fr\/wp-json\/wp\/v2\/posts\/336824","targetHints":{"allow":["GET"]}}],"collection":[{"href":"https:\/\/www.europesays.com\/fr\/wp-json\/wp\/v2\/posts"}],"about":[{"href":"https:\/\/www.europesays.com\/fr\/wp-json\/wp\/v2\/types\/post"}],"author":[{"embeddable":true,"href":"https:\/\/www.europesays.com\/fr\/wp-json\/wp\/v2\/users\/2"}],"replies":[{"embeddable":true,"href":"https:\/\/www.europesays.com\/fr\/wp-json\/wp\/v2\/comments?post=336824"}],"version-history":[{"count":0,"href":"https:\/\/www.europesays.com\/fr\/wp-json\/wp\/v2\/posts\/336824\/revisions"}],"wp:featuredmedia":[{"embeddable":true,"href":"https:\/\/www.europesays.com\/fr\/wp-json\/wp\/v2\/media\/336825"}],"wp:attachment":[{"href":"https:\/\/www.europesays.com\/fr\/wp-json\/wp\/v2\/media?parent=336824"}],"wp:term":[{"taxonomy":"category","embeddable":true,"href":"https:\/\/www.europesays.com\/fr\/wp-json\/wp\/v2\/categories?post=336824"},{"taxonomy":"post_tag","embeddable":true,"href":"https:\/\/www.europesays.com\/fr\/wp-json\/wp\/v2\/tags?post=336824"}],"curies":[{"name":"wp","href":"https:\/\/api.w.org\/{rel}","templated":true}]}}