{"id":336829,"date":"2025-08-22T19:10:14","date_gmt":"2025-08-22T19:10:14","guid":{"rendered":"https:\/\/www.europesays.com\/fr\/336829\/"},"modified":"2025-08-22T19:10:14","modified_gmt":"2025-08-22T19:10:14","slug":"noah-cyrus-assure-que-tout-va-bien-dans-sa-famille-mariah-carey-sera-honoree-aux-prochains-mtv-vmas","status":"publish","type":"post","link":"https:\/\/www.europesays.com\/fr\/336829\/","title":{"rendered":"Noah Cyrus assure que \u00ab\u00a0tout va bien\u00a0\u00bb dans sa famille\u2026 Mariah Carey sera honor\u00e9e aux prochains MTV VMAs\u2026"},"content":{"rendered":"<p>Ozzy Osbourne \u00ab\u00a0savait presque\u00a0\u00bb qu\u2019il allait mourir, selon le guitariste Tom Morello<\/p>\n<p>L\u2019ancien leader des Black Sabbath<a href=\"https:\/\/www.20minutes.fr\/arts-stars\/people\/4164941-20250723-hommages-succedent-depuis-deces-ozzy-osbourne\" target=\"_blank\" class=\"c-link c-link--is-underlined\" rel=\"noopener\"> est d\u00e9c\u00e9d\u00e9<\/a> presque trois semaines apr\u00e8s son ton dernier concert dans sa ville natale, \u00e0 Birmingham (Angleterre), d\u00e9but juillet. Et pour l\u2019une des personnes pr\u00e9sentes, le guitariste Tom Morello, qui agissait \u00e9galement comme directeur de musique lors de l\u2019\u00e9v\u00e8nement, tout laisse croire que le rockeur de l\u00e9gende savait ce qu\u2019il faisait.<\/p>\n<p>\u00ab\u00a0Le fait qu\u2019il a v\u00e9cu, jou\u00e9 et ressenti cet amour une fois de plus [\u2026] on a vraiment l\u2019impression qu\u2019il le savait\u00a0\u00bb, a confi\u00e9 le musicien \u00e0 l\u2019\u00e9mission de radio Chicago\u2019s Q101, comme l\u2019a relev\u00e9 <a href=\"https:\/\/www.independent.co.uk\/arts-entertainment\/music\/news\/tom-morello-ozzy-osbourne-death-b2812324.html\" rel=\"nofollow noopener\" target=\"_blank\" class=\"c-link c-link--is-underlined\">The Independent<\/a>, tout en qualifiant de \u00ab\u00a0miracle\u00a0\u00bb la dur\u00e9e de vie d\u2019<a href=\"https:\/\/www.20minutes.fr\/arts-stars\/people\/4165314-20250727-jour-ozzy-osbourne-decide-arreter-acides-apres-longue-conversation-cheval\" target=\"_blank\" class=\"c-link c-link--is-underlined\" rel=\"noopener\">Ozzy Osbourne<\/a>.<\/p>\n<p>La s\u0153ur de Miley Cyrus, Noah, \u00e9voque les rumeurs de conflits au sein de sa famille<\/p>\n<p>Mariah Carey va remonter sur la sc\u00e8ne des MTV VMAs pour la premi\u00e8re fois en 20 ans<\/p>\n<p>La chanteuse va \u00eatre honor\u00e9e lors de la prochaine c\u00e9r\u00e9monie des MTV VMAs le 7\u00a0septembre \u00e0 New York d\u2019un Video Vanguard Award, un prix r\u00e9compensant des artistes qui se sont distingu\u00e9s en mati\u00e8re de clips vid\u00e9o. Et pour l\u2019occasion, <a href=\"https:\/\/www.20minutes.fr\/arts-stars\/people\/4163092-20250710-kendall-jenner-fait-tomber-haut-mariah-carey-amuse-nouveau-reponses-inattendues\" target=\"_blank\" class=\"c-link c-link--is-underlined\" rel=\"noopener\">la diva<\/a> montera sur sc\u00e8ne pour interpr\u00e9ter quelques-uns de ses plus grands titres, comme le rapporte <a href=\"https:\/\/www.billboard.com\/music\/awards\/mariah-carey-video-vanguard-award-perform-2025-mtv-vmas-1236048695\/\" rel=\"nofollow noopener\" target=\"_blank\" class=\"c-link c-link--is-underlined\">Billboard<\/a>.<\/p>\n<p>Une premi\u00e8re en 20 ans, alors que la derni\u00e8re performance de Mariah Carey \u00e0 ces prix de la musique remonte \u00e0\u00a02005. La chanteuse de All I Want for Christmas sera aussi \u00e0 56 ans l\u2019artiste la plus \u00e2g\u00e9e \u00e0 recevoir ce prix, m\u00eame s\u2019il est important de rappeler qu\u2019<a href=\"https:\/\/www.20minutes.fr\/arts-stars\/people\/4166157-20250803-mariah-carey-affirme-vieillit-reste-propre-star-preferee\" target=\"_blank\" class=\"c-link c-link--is-underlined\" rel=\"noopener\">elle refuse de se focaliser sur l\u2019\u00e2ge<\/a>\u00a0!<\/p>\n","protected":false},"excerpt":{"rendered":"Ozzy Osbourne \u00ab\u00a0savait presque\u00a0\u00bb qu\u2019il allait mourir, selon le guitariste Tom Morello L\u2019ancien leader des Black Sabbath est&hellip;\n","protected":false},"author":2,"featured_media":336830,"comment_status":"","ping_status":"","sticky":false,"template":"","format":"standard","meta":{"footnotes":""},"categories":[1359],"tags":[4708,28448,58,59,2702,1011,27,34115,25476,415,973,133],"class_list":{"0":"post-336829","1":"post","2":"type-post","3":"status-publish","4":"format-standard","5":"has-post-thumbnail","7":"category-people","8":"tag-angleterre","9":"tag-birmingham","10":"tag-divertissement","11":"tag-entertainment","12":"tag-fil-des-stars","13":"tag-fr","14":"tag-france","15":"tag-mariah-carey","16":"tag-miley-cyrus","17":"tag-new-york","18":"tag-people","19":"tag-video"},"share_on_mastodon":{"url":"https:\/\/pubeurope.com\/@fr\/115074002072162788","error":""},"_links":{"self":[{"href":"https:\/\/www.europesays.com\/fr\/wp-json\/wp\/v2\/posts\/336829","targetHints":{"allow":["GET"]}}],"collection":[{"href":"https:\/\/www.europesays.com\/fr\/wp-json\/wp\/v2\/posts"}],"about":[{"href":"https:\/\/www.europesays.com\/fr\/wp-json\/wp\/v2\/types\/post"}],"author":[{"embeddable":true,"href":"https:\/\/www.europesays.com\/fr\/wp-json\/wp\/v2\/users\/2"}],"replies":[{"embeddable":true,"href":"https:\/\/www.europesays.com\/fr\/wp-json\/wp\/v2\/comments?post=336829"}],"version-history":[{"count":0,"href":"https:\/\/www.europesays.com\/fr\/wp-json\/wp\/v2\/posts\/336829\/revisions"}],"wp:featuredmedia":[{"embeddable":true,"href":"https:\/\/www.europesays.com\/fr\/wp-json\/wp\/v2\/media\/336830"}],"wp:attachment":[{"href":"https:\/\/www.europesays.com\/fr\/wp-json\/wp\/v2\/media?parent=336829"}],"wp:term":[{"taxonomy":"category","embeddable":true,"href":"https:\/\/www.europesays.com\/fr\/wp-json\/wp\/v2\/categories?post=336829"},{"taxonomy":"post_tag","embeddable":true,"href":"https:\/\/www.europesays.com\/fr\/wp-json\/wp\/v2\/tags?post=336829"}],"curies":[{"name":"wp","href":"https:\/\/api.w.org\/{rel}","templated":true}]}}