{"id":336831,"date":"2025-08-22T19:11:17","date_gmt":"2025-08-22T19:11:17","guid":{"rendered":"https:\/\/www.europesays.com\/fr\/336831\/"},"modified":"2025-08-22T19:11:17","modified_gmt":"2025-08-22T19:11:17","slug":"saint-antonin-noble-val-sylvie-cosnier-en-son-esquisse","status":"publish","type":"post","link":"https:\/\/www.europesays.com\/fr\/336831\/","title":{"rendered":"Saint-Antonin-Noble-Val. Sylvie Cosnier en son Esquisse"},"content":{"rendered":"<p><b>Suite de notre s\u00e9rie, aujourd\u2019hui : la galerie L\u2019Esquisse. <\/b>Laissez le bar de la Halle sur votre droite et aller jusqu\u2019au 9, rue de la Pelisserie.<\/p>\n<p>Depuis la vitrine, regardez dans le lointain, vous y verrez peut-\u00eatre pr\u00e8s de la fen\u00eatre Sylvie Cosnier, pinceaux en main devant une toile aux couleurs chatoyantes. La galerie L\u2019Esquisse est tout en profondeur. La parcourir de la vitrine au coin atelier est un voyage en soi.<\/p>\n<p>Une belle expo permanente de quarante tableaux qui donnent envie de vivre. Elle parle ainsi de son travail :<\/p>\n<p>\u00ab\u00a0Tr\u00e8s sereine, je me suis fix\u00e9e \u00e0 Saint-Antonin, ce n\u2019\u00e9tait pas un coup de t\u00eate mais un besoin que l\u2019art, tr\u00e8s vite, devienne mon mode d\u2019expression, j\u2019ai choisi la peinture, cet art comme la musique qui consiste \u00e0 travailler sur la couleur, les sons et les silences, pour vivre dans la recherche de la beaut\u00e9 des formes et des \u00e9motions. Amoureuse de cette nature bienfaisante, je cherche \u00e0 ne retenir que l\u2019essentiel, sublimant ce que l\u2019homme cherche \u00e0 mutiler. Je ne peins pas de paysages tourment\u00e9s comme ceux de Vincent Van Gogh, je tente d\u2019aspirer la douleur de ce que l\u2019on voit, de ce que l\u2019on entend et de ce que l\u2019on sent.<\/p>\n<p>D\u00e8s que ma peinture m\u2019a permis de m\u2019exprimer, j\u2019ai parcouru les villages et les causses avec mon chevalet, mes gouaches et mes pastels. Des revues d\u2019art comme \u00ab\u00a0Plaisirs de peindre\u00a0\u00bb et \u00ab\u00a0Pratique des arts\u00a0\u00bb ont publi\u00e9 mon travail.\u00a0\u00bb<\/p>\n<p>Galerie L\u2019Esquisse, t\u00e9l. 06 22 57 25 33.<\/p>\n<p><a href=\"https:\/\/www.ladepeche.fr\/2025\/08\/21\/mailto:s.cosnier@club-internet.fr\" rel=\"nofollow noopener\" target=\"_blank\">s.cosnier@club-internet.fr<\/a><\/p>\n","protected":false},"excerpt":{"rendered":"Suite de notre s\u00e9rie, aujourd\u2019hui : la galerie L\u2019Esquisse. Laissez le bar de la Halle sur votre droite&hellip;\n","protected":false},"author":2,"featured_media":336832,"comment_status":"","ping_status":"","sticky":false,"template":"","format":"standard","meta":{"footnotes":""},"categories":[1358],"tags":[1348,1384,1385,1386,58,59,1011,27],"class_list":{"0":"post-336831","1":"post","2":"type-post","3":"status-publish","4":"format-standard","5":"has-post-thumbnail","7":"category-arts-et-design","8":"tag-arts","9":"tag-arts-and-design","10":"tag-arts-et-design","11":"tag-design","12":"tag-divertissement","13":"tag-entertainment","14":"tag-fr","15":"tag-france"},"share_on_mastodon":{"url":"https:\/\/pubeurope.com\/@fr\/115074006138258286","error":""},"_links":{"self":[{"href":"https:\/\/www.europesays.com\/fr\/wp-json\/wp\/v2\/posts\/336831","targetHints":{"allow":["GET"]}}],"collection":[{"href":"https:\/\/www.europesays.com\/fr\/wp-json\/wp\/v2\/posts"}],"about":[{"href":"https:\/\/www.europesays.com\/fr\/wp-json\/wp\/v2\/types\/post"}],"author":[{"embeddable":true,"href":"https:\/\/www.europesays.com\/fr\/wp-json\/wp\/v2\/users\/2"}],"replies":[{"embeddable":true,"href":"https:\/\/www.europesays.com\/fr\/wp-json\/wp\/v2\/comments?post=336831"}],"version-history":[{"count":0,"href":"https:\/\/www.europesays.com\/fr\/wp-json\/wp\/v2\/posts\/336831\/revisions"}],"wp:featuredmedia":[{"embeddable":true,"href":"https:\/\/www.europesays.com\/fr\/wp-json\/wp\/v2\/media\/336832"}],"wp:attachment":[{"href":"https:\/\/www.europesays.com\/fr\/wp-json\/wp\/v2\/media?parent=336831"}],"wp:term":[{"taxonomy":"category","embeddable":true,"href":"https:\/\/www.europesays.com\/fr\/wp-json\/wp\/v2\/categories?post=336831"},{"taxonomy":"post_tag","embeddable":true,"href":"https:\/\/www.europesays.com\/fr\/wp-json\/wp\/v2\/tags?post=336831"}],"curies":[{"name":"wp","href":"https:\/\/api.w.org\/{rel}","templated":true}]}}