{"id":336837,"date":"2025-08-22T19:14:11","date_gmt":"2025-08-22T19:14:11","guid":{"rendered":"https:\/\/www.europesays.com\/fr\/336837\/"},"modified":"2025-08-22T19:14:11","modified_gmt":"2025-08-22T19:14:11","slug":"julien-clerc-pietre-grand-pere-photo-de-son-petit-fils-il-a-la-meme-chevelure-que-sa-maman-artiste-reconnue","status":"publish","type":"post","link":"https:\/\/www.europesays.com\/fr\/336837\/","title":{"rendered":"Julien Clerc \u00ab\u00a0pi\u00e8tre\u00a0\u00bb grand-p\u00e8re : photo de son petit-fils, il a la m\u00eame chevelure que sa maman, artiste reconnue"},"content":{"rendered":"<p>            <img loading=\"lazy\" decoding=\"async\" src=\"https:\/\/www.europesays.com\/fr\/wp-content\/uploads\/2025\/04\/144-64f8c016610ee-35x35-1.jpg\" class=\"author-article-picture\" width=\"35\" height=\"35\"\/><\/p>\n<p>                Par<br \/>\n                                    <a class=\"author-article-bio-link\" href=\"https:\/\/www.purepeople.com\/auteur\/louise-martin_a144\" rel=\"nofollow noopener\" target=\"_blank\">Louise Martin<\/a><br \/>\n                                                    | R\u00e9dactrice<\/p>\n<p>\n                Koh Lanta, Les Marseillais mais aussi Mari\u00e9s au Premier regards\u2026 Louise Martin est une t\u00e9l\u00e9vore qui essaye, \u00e0 ses heures perdues, de refaire les g\u00e2teaux qu\u2019elle admire devant le Meilleur P\u00e2tissier\u2026 mais elle ne risque pas de gagner le tablier bleu ! Les r\u00e9seaux sociaux n\u2019ont pas de secret pour elle, les derniers scoops, les derni\u00e8res \u00e9missions, elle les conna\u00eet tous.\n            <\/p>\n<p>\n    Fille de l&#8217;embl\u00e9matique chanteur fran\u00e7ais Julien Clerc, Vanille Clerc profite actuellement du soleil en cette p\u00e9riode estivale. Celle qui s&rsquo;est \u00e9galement lanc\u00e9e dans une carri\u00e8re musicale a d&rsquo;ailleurs publi\u00e9 plusieurs clich\u00e9s de ses vacances le vendredi 22 ao\u00fbt 2025 sur Instagram. Les internautes ont ainsi pu admirer la magnifique chevelure de son fils.\n<\/p>\n<p>                            <img loading=\"lazy\" decoding=\"async\" class=\"player-thumbnail\" src=\"https:\/\/www.europesays.com\/fr\/wp-content\/uploads\/2025\/08\/f2f4db4fc4b49728-580x326-1.jpg\" width=\"580\" height=\"326\"\/><\/p>\n<p>                    Julien Clerc \u00ab\u00a0pi\u00e8tre\u00a0\u00bb grand-p\u00e8re : photo de son petit-fils, il a la m\u00eame chevelure que sa maman, artiste reconnue<\/p>\n<p>La suite apr\u00e8s la publicit\u00e9<\/p>\n<p>Figure l\u00e9gendaire de la sc\u00e8ne musicale fran\u00e7aise depuis d\u00e9j\u00e0 plusieurs d\u00e9cennies,<strong> <\/strong><a href=\"https:\/\/www.purepeople.com\/people\/julien-clerc_p152\" rel=\"nofollow noopener\" target=\"_blank\"><strong>Julien Clerc<\/strong><\/a><strong> a transmis sa passion pour la musique \u00e0 sa fille <\/strong><a href=\"https:\/\/www.purepeople.com\/article\/julien-clerc-sa-fille-vanille-de-nouveau-en-couple-elle-evoque-son-compagnon-avec-qui-elle-eduque-son-fils-leon_a540459\/1\" rel=\"nofollow noopener\" target=\"_blank\"><strong>Vanille Clerc<\/strong><\/a>. D&rsquo;ailleurs, cette derni\u00e8re a pris la d\u00e9cision de suivre les traces de son p\u00e8re, en se lan\u00e7ant elle aussi dans une carri\u00e8re musicale. Pour rappel, la chanteuse est le fruit de l&rsquo;union de son p\u00e8re avec <a href=\"https:\/\/www.purepeople.com\/article\/julien-clerc-divorce-de-virginie-couperie-eiffel-l-usure-nous-a-separes_a423698\/1\" rel=\"nofollow noopener\" target=\"_blank\">Virginie Coup\u00e9rie-Eiffel<\/a>, une cavali\u00e8re fran\u00e7aise. Ensemble, le couple a \u00e9galement donn\u00e9 naissance \u00e0 un gar\u00e7on baptis\u00e9 Barnab\u00e9 (30 ans). De son c\u00f4t\u00e9, Vanille Clerc, aujourd&rsquo;hui \u00e2g\u00e9e de 37 ans, a partag\u00e9 la vie du bassiste br\u00e9silien<a href=\"https:\/\/www.purepeople.com\/article\/julien-clerc-sa-fille-vanille-separee-du-pere-de-son-fils-de-5-ans-son-nouveau-compagnon-vient-dun-milieu-tres-different-du-sien_a540760\/1\" rel=\"nofollow noopener\" target=\"_blank\"> Robinho Tavares<\/a>, avec qui elle a fond\u00e9 une famille. En effet, le couple a <strong>mis au monde <\/strong><a href=\"https:\/\/www.purepeople.com\/article\/julien-clerc-sa-fille-vanille-a-eu-son-fils-age-de-5-ans-avec-un-musicien-leur-histoire-na-pas-tenu-jy-croyais-dur-comme-fer_a539506\/1\" rel=\"nofollow noopener\" target=\"_blank\"><strong>un enfant pr\u00e9nomm\u00e9 L\u00e9on<\/strong><\/a><strong> en 2020 (5 ans)<\/strong> avant de finalement se s\u00e9parer.\u00a0<\/p>\n<p>\u00ab\u00a0Mon compagnon \u00e9tant br\u00e9silien, il \u00e9tait loin de chez lui et c\u2019\u00e9tait tr\u00e8s dur. <strong>Il \u00e9tait malheureux en France, il se sentait d\u00e9racin\u00e9.<\/strong> Dans le fond, j\u2019ai le sentiment que nous avons v\u00e9cu ensemble une utopie qui menait \u00e0 une impasse\u00a0\u00bb, avait notamment indiqu\u00e9 Vanille Clerc dans les colonnes du magazine Gala apr\u00e8s sa rupture avec le p\u00e8re de son fils. En cette p\u00e9riode estivale, la fille de Julien Clerc a choisi de passer quelques jours de vacances au soleil dans le sud-ouest de la France. Vendredi 22 ao\u00fbt 2025, Vanille Clerc a justement publi\u00e9 une s\u00e9rie de photos sur son compte Instagram. Sur le premier clich\u00e9, les internautes ont notamment pu d\u00e9couvrir la musicienne aux c\u00f4t\u00e9s de son jeune fils, et ainsi constater que<strong> le bambin avait clairement h\u00e9rit\u00e9 de la m\u00eame chevelure que sa m\u00e8re.\u00a0<\/strong><\/p>\n<p>Julien Clerc : sa fille Vanille a suscit\u00e9 la pol\u00e9mique malgr\u00e9 elle avec la pochette de son nouvel album<\/p>\n<p>Au mois d&rsquo;avril 2025, Vanille Clerc avait officiellement annonc\u00e9 la sortie de\u00a0son nouvel album baptis\u00e9\u00a0Regarde. Malheureusement pour elle, la pochette de ce nouveau disque, sur laquelle on peut voir la fille de Julien Clerc <strong>dans un cercle avec un halo aux airs de coucher de soleil,<\/strong> a aliment\u00e9 certaines th\u00e8ses conspirationnistes. D&rsquo;autant plus que la m\u00e8re du petit L\u00e9on sourit et cache son \u0153il gauche avec sa main sur la photo incrimin\u00e9e. \u00ab\u00a0Clarification. Les amis, OUI je cache mon \u0153il sur la cover de mon album, mais NON je ne suis pas Illuminati !! J&rsquo;ai re\u00e7u plusieurs commentaires et messages \u00e0 ce propos. <strong>C&rsquo;est juste un clin d&rsquo;\u0153il au mot &lsquo;regarde&rsquo;<\/strong>, une vibe, une \u00e9motion, pas de symbole cach\u00e9 ni plan conspirationniste\u00a0\u00bb, avait ainsi \u00e9crit Vanille Clerc sur Instagram afin de lever toute ambigu\u00eft\u00e9.\u00a0<\/p>\n<p>Julien Clerc se d\u00e9crit lui-m\u00eame comme un \u00ab\u00a0pi\u00e8tre grand-p\u00e8re\u00a0\u00bb<\/p>\n<p>\u00a0<\/p>\n<p>Invit\u00e9 dimanche dernier dans le portrait de Sept \u00e0 Huit sur TF1, Julien Clerc s&rsquo;\u00e9tait confi\u00e9 sur sa vie de famille, n&rsquo;h\u00e9sitant pas \u00e0 dire lui-m\u00eame qu&rsquo;il n&rsquo;excelle pas dans ce r\u00f4le. \u00ab\u00a0Vous savez, m\u00eame mes petits-enfants je ne suis pas suffisamment proche d\u2019eux. Je pense que je suis un pi\u00e8tre grand-p\u00e8re\u00a0\u00bb, a-t-il reconnu dans l&rsquo;\u00e9mission face \u00e0 H\u00e9l\u00e8ne Mannarino qui rempla\u00e7ait cet \u00e9t\u00e9 Audrey Crespo-Mara dans Sept \u00e0 Huit. Et d\u2019ajouter : \u00ab\u00a0Je n\u2019ai pas, par exemple et je m\u2019en excuse beaucoup, ce truc qu\u2019ont certains de mes copains qui sont des grands-papas g\u00e2teaux. Moi, je suis encore un p\u00e8re, mon dernier fils a 17 ans, donc je pense que le statut de grand-p\u00e8re en a souffert.\u00a0\u00bb Des propos francs de la part du chanteur.<\/p>\n","protected":false},"excerpt":{"rendered":"Par Louise Martin | R\u00e9dactrice Koh Lanta, Les Marseillais mais aussi Mari\u00e9s au Premier regards\u2026 Louise Martin est&hellip;\n","protected":false},"author":2,"featured_media":336838,"comment_status":"","ping_status":"","sticky":false,"template":"","format":"standard","meta":{"footnotes":""},"categories":[1355],"tags":[58,59,1011,27,1361,873],"class_list":{"0":"post-336837","1":"post","2":"type-post","3":"status-publish","4":"format-standard","5":"has-post-thumbnail","7":"category-musique","8":"tag-divertissement","9":"tag-entertainment","10":"tag-fr","11":"tag-france","12":"tag-music","13":"tag-musique"},"share_on_mastodon":{"url":"https:\/\/pubeurope.com\/@fr\/115074017846691836","error":""},"_links":{"self":[{"href":"https:\/\/www.europesays.com\/fr\/wp-json\/wp\/v2\/posts\/336837","targetHints":{"allow":["GET"]}}],"collection":[{"href":"https:\/\/www.europesays.com\/fr\/wp-json\/wp\/v2\/posts"}],"about":[{"href":"https:\/\/www.europesays.com\/fr\/wp-json\/wp\/v2\/types\/post"}],"author":[{"embeddable":true,"href":"https:\/\/www.europesays.com\/fr\/wp-json\/wp\/v2\/users\/2"}],"replies":[{"embeddable":true,"href":"https:\/\/www.europesays.com\/fr\/wp-json\/wp\/v2\/comments?post=336837"}],"version-history":[{"count":0,"href":"https:\/\/www.europesays.com\/fr\/wp-json\/wp\/v2\/posts\/336837\/revisions"}],"wp:featuredmedia":[{"embeddable":true,"href":"https:\/\/www.europesays.com\/fr\/wp-json\/wp\/v2\/media\/336838"}],"wp:attachment":[{"href":"https:\/\/www.europesays.com\/fr\/wp-json\/wp\/v2\/media?parent=336837"}],"wp:term":[{"taxonomy":"category","embeddable":true,"href":"https:\/\/www.europesays.com\/fr\/wp-json\/wp\/v2\/categories?post=336837"},{"taxonomy":"post_tag","embeddable":true,"href":"https:\/\/www.europesays.com\/fr\/wp-json\/wp\/v2\/tags?post=336837"}],"curies":[{"name":"wp","href":"https:\/\/api.w.org\/{rel}","templated":true}]}}