{"id":336839,"date":"2025-08-22T19:15:14","date_gmt":"2025-08-22T19:15:14","guid":{"rendered":"https:\/\/www.europesays.com\/fr\/336839\/"},"modified":"2025-08-22T19:15:14","modified_gmt":"2025-08-22T19:15:14","slug":"entretien-cinema-papamobile-cest-tout-ce-quon-na-pas-envie-de-montrer-dominique-besnehard-en-appelle-a-une-reflexion-sur-la-qualite-des-films","status":"publish","type":"post","link":"https:\/\/www.europesays.com\/fr\/336839\/","title":{"rendered":"ENTRETIEN. Cin\u00e9ma\u00a0: \u00ab\u00a0Papamobile, c\u2019est tout ce qu\u2019on n\u2019a pas envie de montrer\u2026\u00a0\u00bb Dominique Besnehard en appelle \u00e0 une r\u00e9flexion sur la qualit\u00e9 des films"},"content":{"rendered":"<p>\n                                                                    l&rsquo;essentiel<br \/>\n                                                                Ancien agent et producteur, \u00e0 la t\u00eate du Festival du film francophone d\u2019Angoul\u00eame, Dominique Besnehard ne croit pas du tout \u00e0 la mort programm\u00e9e du 7e art, tout en pointant du doigt une qualit\u00e9 des films qui n\u2019est plus au rendez-vous.\n                            <\/p>\n<p class=\"txt-question\">La fr\u00e9quentation des salles de cin\u00e9ma est en berne, comment l\u2019expliquez-vous\u00a0?<\/p>\n<p>Je crois surtout qu\u2019il faut se poser la question de la qualit\u00e9 des films. Quand j\u2019\u00e9tais gamin, ou m\u00eame \u00e9tudiant, on faisait des reprises de films qui avaient eu du succ\u00e8s. L\u2019\u00e9t\u00e9, on pr\u00e9sentait des films qui avaient \u00e9t\u00e9 marquants. 37,2 le matin \u00e9tait ressorti, ou par exemple\u00a0les films de Besson. Mais l\u00e0, en ce moment\u2026<\/p>\n<p>Celui sur le pape (<a href=\"https:\/\/www.ladepeche.fr\/2025\/08\/14\/pourquoi-papamobile-le-nouveau-film-avec-kad-merad-ne-sort-que-dans-7-cinemas-seulement-en-france-12876097.php\" target=\"_blank\" rel=\"nofollow noopener\">Papamobile, sorti le 13\u00a0ao\u00fbt dans seulement 7 salles, NDLR<\/a>), c\u2019est l\u2019expression de ce qui se passe\u00a0: un\u00a0v\u00e9ritable calvaire.\u00a0On a l\u2019impression qu\u2019on fait tout ce qu\u2019on n\u2019a pas envie de montrer. Il y a vraiment cette\u00a0sensation qu\u2019on nous pr\u00e9sente des fins de s\u00e9rie. Avant, ce n\u2019\u00e9tait pas du tout comme \u00e7a.<\/p>\n<p class=\"txt-question\">\u00cates-vous inquiet de cette d\u00e9sertion de la part des spectateurs\u00a0?<\/p>\n<p>Je ne l\u2019ai jamais \u00e9t\u00e9. Regardez, apr\u00e8s le Covid, on avait dit que \u00e7a ne repartirait jamais. Le vrai probl\u00e8me, c\u2019est la programmation. S\u2019il y avait un bon film \u00e0 voir, je suis s\u00fbr que les gens iraient. On ne peut pas tromper le spectateur. Aujourd\u2019hui, il est courant de tout, notamment \u00e0 travers les r\u00e9seaux sociaux. Et franchement, en ce moment, les propositions ne sont tout simplement pas \u00e0 la hauteur. Cette ann\u00e9e, il y a une baisse\u00a0de la fr\u00e9quentation mais \u00e7a va repartir. Le cin\u00e9ma ne sera jamais mort\u00a0!<\/p>\n<p>\u00ab\u00a0On ne permet plus aux films de faire carri\u00e8re\u00a0\u00bb<\/p>\n<p class=\"txt-question\">Est-ce qu\u2019on produit trop de films, selon vous, notamment en France\u00a0?<\/p>\n<p>Jamais vous\u00a0ne m\u2019entendrez dire qu\u2019il y a trop de films. Il y a trop de films, oui, dans le sens o\u00f9 on ne leur permet pas, ou plus, de faire carri\u00e8re dans une \u00e9poque o\u00f9 tout va tr\u00e8s vite. Mais il faut continuer la cr\u00e9ation. Quand vous voyez les autres pays d\u2019Europe, en France, on a quand m\u00eame un syst\u00e8me de production extraordinaire. On a des aides que tous les pays nous envient.<\/p>\n<p class=\"txt-question\">Le prix des places de cin\u00e9ma est un sujet qui revient souvent\u2026<\/p>\n<p>Il faut arr\u00eater avec \u00e7a\u00a0! Il y a des abonnements, des cartes, des r\u00e9ductions. \u00c0 Paris, les \u00e9tudiants payent 5\u00a0euros en semaine au MK2. Ce sont les gens qui ne vont pas au cin\u00e9ma qui disent que c\u2019est trop cher.<\/p>\n<p class=\"txt-question\">Quand le patron de Netflix dit que regarder un film sur grand \u00e9cran au cin\u00e9ma est un concept d\u00e9pass\u00e9, cela\u00a0vous fait-il bondir\u00a0? Les plateformes vont-elles avoir la peau des salles\u00a0?<\/p>\n<p>Netflix, je regarde de temps en temps. Mais quand on regarde la t\u00e9l\u00e9, ce n\u2019est pas la m\u00eame concentration, la m\u00eame perception. Comme disait Jean-Luc Godard, au cin\u00e9ma, on l\u00e8ve la t\u00eate\u00a0; \u00e0 la t\u00e9l\u00e9, on la baisse. C\u2019est un geste majestueux de lever\u00a0la t\u00eate ensemble. Le cin\u00e9ma n\u2019est pas qu\u2019un produit, c\u2019est une oeuvre.<\/p>\n<p>\u00ab\u00a0Toutes ces com\u00e9dies fran\u00e7aises, souvent malheureusement avec Kad Merad, les gens n\u2019en veulent plus\u00a0\u00bb<\/p>\n<p class=\"txt-question\">Vous disiez qu\u2019on ne peut plus tromper le spectateur, mais comment refaire de la qualit\u00e9\u00a0?<\/p>\n<p>La facilit\u00e9 ne marche plus. Ce n\u2019est pas parce qu\u2019on met un acteur comique en t\u00eate d\u2019affiche que les gens vont se d\u00e9placer. Toutes ces com\u00e9dies fran\u00e7aises \u2013 souvent malheureusement avec Kad Merad alors que c\u2019est un acteur formidable \u2013 les gens n\u2019en veulent plus.<\/p>\n<p>Au festival d\u2019Angoul\u00eame, on va pr\u00e9senter cette ann\u00e9e un long-m\u00e9trage qui s\u2019appelle C\u2019\u00e9tait mieux demain, avec Didier Bourdon et Elsa Zylberstein. C\u2019est dr\u00f4le, intelligent. On peut faire des films comme \u00e7a. Un C\u00e9dric Klapsich, il arrive \u00e0 faire des propositions \u00e0 la fois poignantes, et des choses dr\u00f4les. Dans un autre registre, il y a un film avec Isabelle Huppert et Laurent Lafitte, La femme la plus riche du monde (inspir\u00e9 de l\u2019histoire entre Liliane Bettencourt et le photographe Fran\u00e7ois-Marie Banier, NDLR), qui va bient\u00f4t sortir, et c\u2019est formidable.<\/p>\n<\/p>\n<p>                    <img decoding=\"async\" class=\"responsive-img\" src=\"https:\/\/www.europesays.com\/fr\/wp-content\/uploads\/2025\/08\/1755890114_863_hqdefault.jpg\"\/><br \/>\n                <a class=\"stretched-link\" href=\"#paywall\" rel=\"js-anchor\"><\/p>\n<p>        <\/a><\/p>\n<p class=\"txt-question\">Cette ann\u00e9e, au festival du film francophone d\u2019Angoul\u00eame, le Qu\u00e9bec sera mis \u00e0 l\u2019honneur. Comment se pr\u00e9sente cette 18e \u00e9dition (25-30 ao\u00fbt)\u00a0?<\/p>\n<p>On a un tr\u00e8s beau jury avec Diane Kruger pour pr\u00e9sidente cette ann\u00e9e. Surtout, beaucoup de jeunes viennent voir les films. Nous avons\u00a0d\u00e9j\u00e0 presque tout \u00e9coul\u00e9 au niveau des pass. L\u2019an pass\u00e9, on avait battu notre record avec 62\u00a0000 spectateurs, et on va faire mieux cette ann\u00e9e, autour de 66\u00a0000. Ce festival, c\u2019est une forme de d\u00e9clic pour la rentr\u00e9e.<\/p>\n","protected":false},"excerpt":{"rendered":"l&rsquo;essentiel Ancien agent et producteur, \u00e0 la t\u00eate du Festival du film francophone d\u2019Angoul\u00eame, Dominique Besnehard ne croit&hellip;\n","protected":false},"author":2,"featured_media":336840,"comment_status":"","ping_status":"","sticky":false,"template":"","format":"standard","meta":{"footnotes":""},"categories":[1354],"tags":[58,59,1346,1011,27,1360],"class_list":{"0":"post-336839","1":"post","2":"type-post","3":"status-publish","4":"format-standard","5":"has-post-thumbnail","7":"category-films","8":"tag-divertissement","9":"tag-entertainment","10":"tag-films","11":"tag-fr","12":"tag-france","13":"tag-movies"},"share_on_mastodon":{"url":"https:\/\/pubeurope.com\/@fr\/115074021772154871","error":""},"_links":{"self":[{"href":"https:\/\/www.europesays.com\/fr\/wp-json\/wp\/v2\/posts\/336839","targetHints":{"allow":["GET"]}}],"collection":[{"href":"https:\/\/www.europesays.com\/fr\/wp-json\/wp\/v2\/posts"}],"about":[{"href":"https:\/\/www.europesays.com\/fr\/wp-json\/wp\/v2\/types\/post"}],"author":[{"embeddable":true,"href":"https:\/\/www.europesays.com\/fr\/wp-json\/wp\/v2\/users\/2"}],"replies":[{"embeddable":true,"href":"https:\/\/www.europesays.com\/fr\/wp-json\/wp\/v2\/comments?post=336839"}],"version-history":[{"count":0,"href":"https:\/\/www.europesays.com\/fr\/wp-json\/wp\/v2\/posts\/336839\/revisions"}],"wp:featuredmedia":[{"embeddable":true,"href":"https:\/\/www.europesays.com\/fr\/wp-json\/wp\/v2\/media\/336840"}],"wp:attachment":[{"href":"https:\/\/www.europesays.com\/fr\/wp-json\/wp\/v2\/media?parent=336839"}],"wp:term":[{"taxonomy":"category","embeddable":true,"href":"https:\/\/www.europesays.com\/fr\/wp-json\/wp\/v2\/categories?post=336839"},{"taxonomy":"post_tag","embeddable":true,"href":"https:\/\/www.europesays.com\/fr\/wp-json\/wp\/v2\/tags?post=336839"}],"curies":[{"name":"wp","href":"https:\/\/api.w.org\/{rel}","templated":true}]}}