{"id":336847,"date":"2025-08-22T19:19:11","date_gmt":"2025-08-22T19:19:11","guid":{"rendered":"https:\/\/www.europesays.com\/fr\/336847\/"},"modified":"2025-08-22T19:19:11","modified_gmt":"2025-08-22T19:19:11","slug":"james-webb-detecte-un-objet-inconnu-cache-au-coeur-des-anneaux-duranus","status":"publish","type":"post","link":"https:\/\/www.europesays.com\/fr\/336847\/","title":{"rendered":"James-Webb d\u00e9tecte un objet inconnu cach\u00e9 au c\u0153ur des anneaux d\u2019Uranus"},"content":{"rendered":"<p><img fetchpriority=\"high\" decoding=\"async\" width=\"1024\" height=\"578\" src=\"https:\/\/www.europesays.com\/fr\/wp-content\/uploads\/2025\/08\/james-webb-detecte-quelques-choses-uranus-1024x578.webp.webp\" alt=\"Image artistique capt\u00e9e par James Webb montrant un ph\u00e9nom\u00e8ne lumineux circulaire et color\u00e9 autour d\u2019Uranus.\" class=\"wp-image-987653\" style=\"width:840px;height:auto\"  \/>Observation de James Webb : illustration d\u2019une structure lumineuse intrigante d\u00e9tect\u00e9e autour d\u2019Uranus, r\u00e9v\u00e9lant des d\u00e9tails encore jamais observ\u00e9s \u2013 DailyGeekShow.com<\/p>\n<p><strong>Un corps c\u00e9leste inconnu a \u00e9t\u00e9 d\u00e9couvert par le t\u00e9lescope spatial <a href=\"https:\/\/dailygeekshow.com\/cette-decouverte-du-telescope-james-webb-sur-une-planete-infernale-intrigue-les-astronomes-du-monde-entier\/\" target=\"_blank\" rel=\"noopener\">James-Webb<\/a> en 2025 au sein des anneaux d\u2019Uranus, mettant en lumi\u00e8re la complexit\u00e9 encore insoup\u00e7onn\u00e9e du syst\u00e8me plan\u00e9taire.<\/strong><\/p>\n<p>James-Webb d\u00e9tecte une nouvelle lune minuscule au sein du syst\u00e8me uranien<\/p>\n<p>En f\u00e9vrier 2025, en exploitant dix images prises avec la cam\u00e9ra infrarouge <strong>NIRCam<\/strong>, les scientifiques dirig\u00e9s par <strong><a href=\"https:\/\/www.linkedin.com\/in\/maryame-el-moutamid-66a40366\/\" target=\"_blank\" rel=\"noopener\">Maryame\u202fEl\u202fMoutamid<\/a><\/strong> (SwRI) ont mis au jour un satellite jusque-l\u00e0 inconnu autour d\u2019Uranus. Ce corps c\u00e9leste, provisoirement nomm\u00e9 <strong>S\/2025\u202fU\u202f1<\/strong>, affiche un diam\u00e8tre estim\u00e9 \u00e0 <strong>10 kilom\u00e8tres seulement<\/strong>. <\/p>\n<p>Lire aussi <a href=\"https:\/\/dailygeekshow.com\/oeil-sauron-espace\/\" target=\"_blank\" rel=\"noopener\">Des astronomes d\u00e9couvrent \u00ab\u00a0l\u2019Oeil de Sauron\u00a0\u00bb qui crache des particules fant\u00f4mes \u00e0 travers l\u2019espace<\/a><\/p>\n<p>Malgr\u00e9 sa modeste taille, il avait \u00e9chapp\u00e9 \u00e0 la d\u00e9tection de Voyager\u202f2 et m\u00eame du t\u00e9lescope Hubble. Cette d\u00e9couverte illustre la <strong><a href=\"https:\/\/dailygeekshow.com\/hubble-observe-un-trou-noir-engloutir-une-etoile-cette-decouverte-bouleverse-la-science-spatiale\/\" target=\"_blank\" rel=\"noopener\">capacit\u00e9 d\u2019observation<\/a> exceptionnelle<\/strong> du <strong>JWST<\/strong>, qui explore les zones sombres et denses de notre Syst\u00e8me solaire.<\/p>\n<p><img loading=\"lazy\" decoding=\"async\" width=\"1024\" height=\"790\" src=\"https:\/\/www.europesays.com\/fr\/wp-content\/uploads\/2025\/08\/james-webb-sattelite-decouvers-1024x790.webp.webp\" alt=\"Image de James Webb montrant Uranus et ses lunes, avec la d\u00e9tection du nouveau satellite S\/2025 U1.\" class=\"wp-image-987655\"  \/>D\u00e9couverte historique : le t\u00e9lescope James Webb r\u00e9v\u00e8le une nouvelle lune autour d\u2019Uranus, baptis\u00e9e provisoirement S\/2025 U1 \u2013 Cr\u00e9dit : NASA, ESA, CSA, STScI, M. El Moutamid (SwRI), M. Hedman (University of Idaho)<\/p>\n<p>Gr\u00e2ce \u00e0 la technologie infrarouge avanc\u00e9e, cette d\u00e9tection marque un tournant. En effet, elle d\u00e9montre que les r\u00e9gions consid\u00e9r\u00e9es comme bien connues rec\u00e8lent encore de nombreuses surprises. L\u2019observation pr\u00e9cise d\u2019un objet aussi petit \u00e0 une distance de 1,8 milliard de kilom\u00e8tres souligne un <strong>saut qualitatif dans notre exploration spatiale<\/strong>.<\/p>\n<p>Un environnement orbital complexe qui intrigue les chercheurs<\/p>\n<p>Situ\u00e9e \u00e0 environ <strong>56\u202f000 km du centre d\u2019Uranus<\/strong>, cette lune gravite entre les orbites d\u2019<strong>Oph\u00e9lie<\/strong> et de <strong>Bianca<\/strong>. Sa trajectoire quasi circulaire, align\u00e9e avec le plan \u00e9quatorial de la plan\u00e8te, laisse supposer une <strong>origine locale<\/strong>. <\/p>\n<p>Lire aussi <a href=\"https:\/\/dailygeekshow.com\/objet-mysterieux-punctum\/\" target=\"_blank\" rel=\"noopener\">Des astronomes d\u00e9couvrent le \u00ab punctum \u00bb, un objet spatial \u00e9trange qui ne ressemble \u00e0 rien de connu<\/a><\/p>\n<p>Toutefois, le syst\u00e8me uranien conserve encore bien des secrets. Uranus poss\u00e8de d\u00e9j\u00e0 <strong>27 <a href=\"https:\/\/dailygeekshow.com\/un-spectacle-planetaire-a-couper-le-souffle-la-lune-de-sang-sannonce-comme-levenement-de-la-rentree\/\" target=\"_blank\" rel=\"noopener\">lunes<\/a> connues<\/strong> et un ensemble d\u2019anneaux dense. Ainsi, la d\u00e9couverte de S\/2025\u202fU\u202f1 sugg\u00e8re que <strong>d\u2019autres satellites de petite taille<\/strong> pourraient se cacher dans cette zone.<\/p>\n<p>Par ailleurs, la dynamique entre lunes et anneaux \u00e9voque une <strong>histoire d\u2019interactions gravitationnelles chaotiques<\/strong>. Ces petits corps pourraient provenir de collisions ou d\u2019anciens fragments pi\u00e9g\u00e9s par la gravit\u00e9 de la plan\u00e8te. De plus, le <strong>t\u00e9lescope spatial James-Webb<\/strong>, avec sa r\u00e9solution sans pr\u00e9c\u00e9dent, permet d\u00e9sormais d\u2019\u00e9tudier ces m\u00e9canismes complexes en profondeur.<\/p>\n<p>Une d\u00e9couverte qui enrichit les mod\u00e8les de formation lunaire<\/p>\n<p>L\u2019identification de cette nouvelle lune montre \u00e0 quel point <strong>les syst\u00e8mes plan\u00e9taires sont encore mal connus<\/strong>, surtout dans les r\u00e9gions \u00e9loign\u00e9es. En r\u00e9v\u00e9lant <strong>S\/2025\u202fU\u202f1<\/strong>, les astronomes mettent en lumi\u00e8re des processus de formation et d\u2019\u00e9volution longtemps rest\u00e9s obscurs. En effet, l\u2019interconnexion entre les anneaux et les lunes pourrait jouer un r\u00f4le fondamental dans l\u2019apparition de nouveaux satellites.<\/p>\n<p>Lire aussi <a href=\"https:\/\/dailygeekshow.com\/une-nuit-dobscurite-absolue-a-ne-pas-manquer-la-lune-noire-du-23-aout-promet-le-ciel-le-plus-pur-de-lete\/\" target=\"_blank\" rel=\"noopener\">Une nuit d\u2019obscurit\u00e9 absolue \u00e0 ne pas manquer : la \u00ab Lune noire \u00bb du 23 ao\u00fbt promet le ciel le plus pur de l\u2019\u00e9t\u00e9<\/a><\/p>\n<p>D\u00e9sormais, ces donn\u00e9es vont permettre d\u2019ajuster nos <strong>mod\u00e8les th\u00e9oriques<\/strong>, en int\u00e9grant ces observations \u00e0 grande \u00e9chelle. Par cons\u00e9quent, d\u2019autres petits corps c\u00e9lestes pourraient \u00e9merger gr\u00e2ce aux campagnes d\u2019observation en cours, nous rapprochant d\u2019une <strong>cartographie compl\u00e8te des syst\u00e8mes plan\u00e9taires lointains<\/strong>.<\/p>\n<p>Une nouvelle fen\u00eatre s\u2019ouvre sur les myst\u00e8res du syst\u00e8me solaire externe<\/p>\n<p>La d\u00e9couverte de <strong>S\/2025\u202fU\u202f1<\/strong> ne constitue pas seulement une nouvelle entr\u00e9e dans le catalogue des lunes d\u2019Uranus. Elle marque aussi une avanc\u00e9e cruciale pour les <strong>technologies d\u2019observation <a href=\"https:\/\/dailygeekshow.com\/une-revolution-silencieuse-dans-lespace-la-nasa-veut-faire-dartemis-un-modele-dexploration-lunaire-sans-pollution\/\" target=\"_blank\" rel=\"noopener\">spatiale<\/a><\/strong>. Ainsi, le t\u00e9lescope James-Webb confirme son r\u00f4le de pionnier dans l\u2019exploration des confins de notre syst\u00e8me solaire.<\/p>\n<p>De ce fait, cette r\u00e9ussite stimule les projets de missions futures visant \u00e0 mieux comprendre les g\u00e9antes glac\u00e9es et leurs satellites. Gr\u00e2ce \u00e0 de tels outils, l\u2019astronomie moderne s\u2019approche d\u2019une <strong>compr\u00e9hension toujours plus fine<\/strong> des m\u00e9canismes cosmiques. Finalement, chaque observation nous rapproche d\u2019un <strong>nouveau chapitre dans l\u2019histoire de l\u2019univers<\/strong>.<\/p>\n<p>Lire aussi <a href=\"https:\/\/dailygeekshow.com\/une-revolution-silencieuse-dans-lespace-la-nasa-veut-faire-dartemis-un-modele-dexploration-lunaire-sans-pollution\/\" target=\"_blank\" rel=\"noopener\">Une r\u00e9volution silencieuse dans l\u2019espace : la NASA veut faire d\u2019Artemis un mod\u00e8le d\u2019exploration lunaire sans pollution<\/a><\/p>\n","protected":false},"excerpt":{"rendered":"Observation de James Webb : illustration d\u2019une structure lumineuse intrigante d\u00e9tect\u00e9e autour d\u2019Uranus, r\u00e9v\u00e9lant des d\u00e9tails encore jamais&hellip;\n","protected":false},"author":2,"featured_media":336848,"comment_status":"","ping_status":"","sticky":false,"template":"","format":"standard","meta":{"footnotes":""},"categories":[7],"tags":[1011,27,23827,43,40,41,39,42,44],"class_list":{"0":"post-336847","1":"post","2":"type-post","3":"status-publish","4":"format-standard","5":"has-post-thumbnail","7":"category-sciences-et-technologies","8":"tag-fr","9":"tag-france","10":"tag-james-webb","11":"tag-science","12":"tag-science-and-technology","13":"tag-sciences","14":"tag-sciences-et-technologies","15":"tag-technologies","16":"tag-technology"},"share_on_mastodon":{"url":"https:\/\/pubeurope.com\/@fr\/115074037765157962","error":""},"_links":{"self":[{"href":"https:\/\/www.europesays.com\/fr\/wp-json\/wp\/v2\/posts\/336847","targetHints":{"allow":["GET"]}}],"collection":[{"href":"https:\/\/www.europesays.com\/fr\/wp-json\/wp\/v2\/posts"}],"about":[{"href":"https:\/\/www.europesays.com\/fr\/wp-json\/wp\/v2\/types\/post"}],"author":[{"embeddable":true,"href":"https:\/\/www.europesays.com\/fr\/wp-json\/wp\/v2\/users\/2"}],"replies":[{"embeddable":true,"href":"https:\/\/www.europesays.com\/fr\/wp-json\/wp\/v2\/comments?post=336847"}],"version-history":[{"count":0,"href":"https:\/\/www.europesays.com\/fr\/wp-json\/wp\/v2\/posts\/336847\/revisions"}],"wp:featuredmedia":[{"embeddable":true,"href":"https:\/\/www.europesays.com\/fr\/wp-json\/wp\/v2\/media\/336848"}],"wp:attachment":[{"href":"https:\/\/www.europesays.com\/fr\/wp-json\/wp\/v2\/media?parent=336847"}],"wp:term":[{"taxonomy":"category","embeddable":true,"href":"https:\/\/www.europesays.com\/fr\/wp-json\/wp\/v2\/categories?post=336847"},{"taxonomy":"post_tag","embeddable":true,"href":"https:\/\/www.europesays.com\/fr\/wp-json\/wp\/v2\/tags?post=336847"}],"curies":[{"name":"wp","href":"https:\/\/api.w.org\/{rel}","templated":true}]}}