{"id":336849,"date":"2025-08-22T19:20:09","date_gmt":"2025-08-22T19:20:09","guid":{"rendered":"https:\/\/www.europesays.com\/fr\/336849\/"},"modified":"2025-08-22T19:20:09","modified_gmt":"2025-08-22T19:20:09","slug":"droits-de-douane-la-poste-annonce-suspendre-les-envois-de-colis-vers-les-etats-unis-des-le-25-aout-liberation","status":"publish","type":"post","link":"https:\/\/www.europesays.com\/fr\/336849\/","title":{"rendered":"Droits de douane : La Poste annonce suspendre les envois de colis vers les Etats-Unis d\u00e8s le 25 ao\u00fbt &#8211; Lib\u00e9ration"},"content":{"rendered":"<ol>\n<li><a href=\"https:\/\/news.google.com\/rss\/articles\/CBMi_wFBVV95cUxOOEEzampZaFBQZ0hKX0xlMlpnU2tBcGJNbmF1aGhhejhfdHhGeTNxVXg5NmdDbFVsb05RVjlBbzVINFVTdl9RNmdaNU9QUkM0bE1CZ1NOUktEZUQ5YUY3eEhHcGg5VjROT1c3U1dWZjNTTEFraUgwWDc2OVFHMmdrN05kWi1VYlZqT3RseUI3YXIxcXhmVm1ydjFJZG1jOWRwT0VzczF1RUtIOW93ZkpiNlBWRkNoWFdaZkdvUlpXMEZ2bjRkYWZ3emZYbDE0ME1RLTQ5MVdEdEhsUTlJc0hkVE8xTkxUM2RoZGpSd2tDMHNCbHFyVXlld2oyWHF1Ujg?oc=5\" target=\"_blank\" rel=\"nofollow noopener\">Droits de douane : La Poste annonce suspendre les envois de colis vers les Etats-Unis d\u00e8s le 25 ao\u00fbt<\/a>&nbsp;&nbsp;Lib\u00e9ration<\/li>\n<li><a href=\"https:\/\/news.google.com\/rss\/articles\/CBMivwFBVV95cUxPZ3lIcTBOTXhFYkx6eDBybTJjdmhFRW1aOFVjV2p6eE1KTG04Yk5aSExROENubFRQU3kyR00zUE82VFZWaWlvbFNheXMzWnhVZXdlcU5RbWVQOHFtd1RhR0Fkby0xdDVBbEU2WUllTFlrMWJpeW0zb2lSQ0tERTVnQUg3S1pFV0Q0R0lzZGYwVTFVbGFOd0hYQldCVFNTc3d6cUpZblNsMXN1WWVJZ28xbG44UGlrUmxFZGZQV3FkRQ?oc=5\" target=\"_blank\" rel=\"nofollow noopener\">La Poste suspend l\u2019envoi de colis vers les Etats-Unis<\/a>&nbsp;&nbsp;Le Monde.fr<\/li>\n<li><a href=\"https:\/\/news.google.com\/rss\/articles\/CBMiugFBVV95cUxNYnhSOVZsQmZ1ZkhtdFV5ejhROVlSZjRLQUhGUHFWOWlPZ3dzcTlQTUpVQ0I5Y0JWSFNTeEVTVDM3WDBvZW5zdFZLSGVXVUJGYjhvVkJBLVRHSnc4MzBkZzlreWNEbUtLYnV4c0hDNk9YVnIwMHU2ZFNBemM3TnZjUHFyeTVjUl9wLTQ0RXhmYTBicUxuYVEzTFdIY2pkZDVVSzVRVkx2Y21GNWtabTVNUGkyUm40SU9Zanc?oc=5\" target=\"_blank\" rel=\"nofollow noopener\">Droits de douane : La Poste va suspendre les envois de colis vers les \u00c9tats-Unis d\u00e8s le 25 ao\u00fbt<\/a>&nbsp;&nbsp;Le Figaro<\/li>\n<li><a href=\"https:\/\/news.google.com\/rss\/articles\/CBMi8gFBVV95cUxPWjdGeGR1ZHAxMWt1Y1BpX3c0NnBjSDlNMVFkU1RWRGh4ZHVrZ1hqeWJJSGlmMXg3MzRocTM0a1QzZzl0UHc2ZkJNMFZOTFJFcW8yLXhUUkYzWnl0UV8tUXNrVVQwWlphUkg2WGp0emxfUlNheVJueEU5djRWa0haY1A5QWJ5WVNrakFpSFhVRnN4N1FnZ0hCd2VRQ0ZjeDNETGttOENTbHJxRXZkQVFHUXZGZllMcVFsUGhsUS0zR1VXNWtwSU9WakNHVHFoLWtmZU5PcU4zXzVidnUtaTNlZnJFWGdLZ2kzVldwUllyZnlYQQ?oc=5\" target=\"_blank\" rel=\"nofollow noopener\">Petits colis : pourquoi les services postaux vont suspendre leurs envois vers les Etats-Unis<\/a>&nbsp;&nbsp;Les Echos<\/li>\n<li><a href=\"https:\/\/news.google.com\/rss\/articles\/CBMi6gFBVV95cUxNODdZMDhUZ3ZBcWZJTHlGOS00djAxWDUyUjVEX0o1ckxtREFqSkR3SG8tVVZDcERLZGZ4VGZqN0JvdDlBUmtHOEFscG1BRDhmSDF0R1VGN2l5MWFZZ0NtUkZzSWRsLUFRaVBjWHA4UHM2bmZLQ1Q2cGlUVGVYWFNuUWdfQ3BNVU95UlRFQ0N5OFJDSnNad3BtUXN0S1FyZTFxVTlPUzVOREVxZHBxYk9ITkhBQ0cyLUFUOUFBZl9GOFd3RUgtSExBWXVOWl9MUVhwbFplR2YxZjBFSFVVa1pldEZmZ3VEUjVNZlE?oc=5\" target=\"_blank\" rel=\"nofollow noopener\">Colis : pourquoi la nouvelle taxe am\u00e9ricaine s\u00e8me la pagaille en Europe<\/a>&nbsp;&nbsp;La Tribune<\/li>\n<\/ol>\n","protected":false},"excerpt":{"rendered":"Droits de douane : La Poste annonce suspendre les envois de colis vers les Etats-Unis d\u00e8s le 25&hellip;\n","protected":false},"author":2,"featured_media":1445,"comment_status":"","ping_status":"","sticky":false,"template":"","format":"standard","meta":{"footnotes":""},"categories":[6],"tags":[35,33,34,1011,27],"class_list":{"0":"post-336849","1":"post","2":"type-post","3":"status-publish","4":"format-standard","5":"has-post-thumbnail","7":"category-economie","8":"tag-business","9":"tag-economie","10":"tag-economy","11":"tag-fr","12":"tag-france"},"share_on_mastodon":{"url":"https:\/\/pubeurope.com\/@fr\/115074041363791877","error":""},"_links":{"self":[{"href":"https:\/\/www.europesays.com\/fr\/wp-json\/wp\/v2\/posts\/336849","targetHints":{"allow":["GET"]}}],"collection":[{"href":"https:\/\/www.europesays.com\/fr\/wp-json\/wp\/v2\/posts"}],"about":[{"href":"https:\/\/www.europesays.com\/fr\/wp-json\/wp\/v2\/types\/post"}],"author":[{"embeddable":true,"href":"https:\/\/www.europesays.com\/fr\/wp-json\/wp\/v2\/users\/2"}],"replies":[{"embeddable":true,"href":"https:\/\/www.europesays.com\/fr\/wp-json\/wp\/v2\/comments?post=336849"}],"version-history":[{"count":0,"href":"https:\/\/www.europesays.com\/fr\/wp-json\/wp\/v2\/posts\/336849\/revisions"}],"wp:featuredmedia":[{"embeddable":true,"href":"https:\/\/www.europesays.com\/fr\/wp-json\/wp\/v2\/media\/1445"}],"wp:attachment":[{"href":"https:\/\/www.europesays.com\/fr\/wp-json\/wp\/v2\/media?parent=336849"}],"wp:term":[{"taxonomy":"category","embeddable":true,"href":"https:\/\/www.europesays.com\/fr\/wp-json\/wp\/v2\/categories?post=336849"},{"taxonomy":"post_tag","embeddable":true,"href":"https:\/\/www.europesays.com\/fr\/wp-json\/wp\/v2\/tags?post=336849"}],"curies":[{"name":"wp","href":"https:\/\/api.w.org\/{rel}","templated":true}]}}