{"id":336850,"date":"2025-08-22T19:21:13","date_gmt":"2025-08-22T19:21:13","guid":{"rendered":"https:\/\/www.europesays.com\/fr\/336850\/"},"modified":"2025-08-22T19:21:13","modified_gmt":"2025-08-22T19:21:13","slug":"la-declaration-de-famine-a-gaza-est-un-mensonge-ehonte-selon-netanyahou-liberation","status":"publish","type":"post","link":"https:\/\/www.europesays.com\/fr\/336850\/","title":{"rendered":"La d\u00e9claration de famine \u00e0 Gaza est un \u00abmensonge \u00e9hont\u00e9\u00bb, selon N\u00e9tanyahou \u2013 Lib\u00e9ration"},"content":{"rendered":"<p class=\"sc-ksZaOG ehjQrN text-element\">Le COGAT, l\u2019agence militaire isra\u00e9lienne charg\u00e9e de coordonner l\u2019aide humanitaire, a accus\u00e9 ce vendredi le mouvement islamiste palestinien de mener une \u00abfausse campagne de famine\u00bb et a d\u00e9clar\u00e9 que l\u2019ONU diffusait des informations infond\u00e9es sur la famine \u00e0 Gaza. Cette d\u00e9claration fait suite \u00e0 la publication d\u2019un rapport d\u2019un rapport de 59 pages de l\u2019IPC, outil ind\u00e9pendant d\u00e9velopp\u00e9 par les Nations unies, confirmant qu\u2019une partie de la bande de Gaza \u00e9tait en \u00e9tat de famine. \u00abLe rapport de l\u2019IPC s\u2019appuie sur des sources partielles et peu fiables, dont beaucoup sont affili\u00e9es au Hamas\u00bb, d\u00e9nonce le g\u00e9n\u00e9ral Ghassan Alian, coordinateur du COGAT. \u00abAu lieu de fournir une \u00e9valuation professionnelle, neutre et responsable, le rapport adopte une approche biais\u00e9e, truff\u00e9e de graves d\u00e9fauts m\u00e9thodologiques [\u2026]. Nous attendons de la communaut\u00e9 internationale qu\u2019elle agisse de mani\u00e8re responsable et ne se laisse pas emporter par de faux r\u00e9cits et une propagande infond\u00e9e\u00bb, ajoute-t-il.<\/p>\n","protected":false},"excerpt":{"rendered":"Le COGAT, l\u2019agence militaire isra\u00e9lienne charg\u00e9e de coordonner l\u2019aide humanitaire, a accus\u00e9 ce vendredi le mouvement islamiste palestinien&hellip;\n","protected":false},"author":2,"featured_media":336851,"comment_status":"","ping_status":"","sticky":false,"template":"","format":"standard","meta":{"footnotes":""},"categories":[5],"tags":[11,1011,27,3517,14,664,3523,12,28],"class_list":{"0":"post-336850","1":"post","2":"type-post","3":"status-publish","4":"format-standard","5":"has-post-thumbnail","7":"category-international","8":"tag-actualites","9":"tag-fr","10":"tag-france","11":"tag-gaza-l-escalade","12":"tag-international","13":"tag-israel","14":"tag-israel-palestine-conflit","15":"tag-news","16":"tag-world"},"share_on_mastodon":{"url":"https:\/\/pubeurope.com\/@fr\/115074045266448115","error":""},"_links":{"self":[{"href":"https:\/\/www.europesays.com\/fr\/wp-json\/wp\/v2\/posts\/336850","targetHints":{"allow":["GET"]}}],"collection":[{"href":"https:\/\/www.europesays.com\/fr\/wp-json\/wp\/v2\/posts"}],"about":[{"href":"https:\/\/www.europesays.com\/fr\/wp-json\/wp\/v2\/types\/post"}],"author":[{"embeddable":true,"href":"https:\/\/www.europesays.com\/fr\/wp-json\/wp\/v2\/users\/2"}],"replies":[{"embeddable":true,"href":"https:\/\/www.europesays.com\/fr\/wp-json\/wp\/v2\/comments?post=336850"}],"version-history":[{"count":0,"href":"https:\/\/www.europesays.com\/fr\/wp-json\/wp\/v2\/posts\/336850\/revisions"}],"wp:featuredmedia":[{"embeddable":true,"href":"https:\/\/www.europesays.com\/fr\/wp-json\/wp\/v2\/media\/336851"}],"wp:attachment":[{"href":"https:\/\/www.europesays.com\/fr\/wp-json\/wp\/v2\/media?parent=336850"}],"wp:term":[{"taxonomy":"category","embeddable":true,"href":"https:\/\/www.europesays.com\/fr\/wp-json\/wp\/v2\/categories?post=336850"},{"taxonomy":"post_tag","embeddable":true,"href":"https:\/\/www.europesays.com\/fr\/wp-json\/wp\/v2\/tags?post=336850"}],"curies":[{"name":"wp","href":"https:\/\/api.w.org\/{rel}","templated":true}]}}