{"id":336858,"date":"2025-08-22T19:25:20","date_gmt":"2025-08-22T19:25:20","guid":{"rendered":"https:\/\/www.europesays.com\/fr\/336858\/"},"modified":"2025-08-22T19:25:20","modified_gmt":"2025-08-22T19:25:20","slug":"cyclisme-le-stephanois-nathan-marcoux-champion-du-monde-juniors-sur-piste-du-scratch","status":"publish","type":"post","link":"https:\/\/www.europesays.com\/fr\/336858\/","title":{"rendered":"Cyclisme. Le St\u00e9phanois Nathan Marcoux champion du monde juniors sur piste du scratch"},"content":{"rendered":"<p>Le coureur de l\u2019Ecsel poursuit sa moisson de m\u00e9dailles sur piste. Apr\u00e8s celles des championnats de France, puis cet \u00e9t\u00e9 celle d\u2019argent sur l\u2019omnium des championnats d\u2019Europe c\u2019est au niveau mondial \u00e0 Apeldoorn aux Pays-Bas que le pensionnaire du P\u00f4le France endurance de Bourges s\u2019est illustr\u00e9.<\/p>\n<p>Il a remport\u00e9, jeudi soir, l\u2019\u00e9preuve scratch devant l\u2019allemand Moritz Mauss, d\u00e9crochant ainsi son premier maillot arc-en-ciel. Et la moisson n\u2019est peut-\u00eatre pas finie, puisque Nathan Marcoux participe \u00e9galement \u00e0 la poursuite individuelle et dimanche \u00e0 l\u2019am\u00e9ricaine.<\/p>\n","protected":false},"excerpt":{"rendered":"Le coureur de l\u2019Ecsel poursuit sa moisson de m\u00e9dailles sur piste. Apr\u00e8s celles des championnats de France, puis&hellip;\n","protected":false},"author":2,"featured_media":336859,"comment_status":"","ping_status":"","sticky":false,"template":"","format":"standard","meta":{"footnotes":""},"categories":[9653],"tags":[1111,11,2430,207,7539,1777,674,1011,27,12,25,4001,7538,517],"class_list":{"0":"post-336858","1":"post","2":"type-post","3":"status-publish","4":"format-standard","5":"has-post-thumbnail","7":"category-saint-etienne","8":"tag-actu","9":"tag-actualites","10":"tag-auvergne-rhone-alpes","11":"tag-cyclisme","12":"tag-edition-loire-sud","13":"tag-eu","14":"tag-europe","15":"tag-fr","16":"tag-france","17":"tag-news","18":"tag-republique-francaise","19":"tag-saint-etienne","20":"tag-saint-etienne-ville","21":"tag-sport"},"share_on_mastodon":{"url":"https:\/\/pubeurope.com\/@fr\/115074061031530961","error":""},"_links":{"self":[{"href":"https:\/\/www.europesays.com\/fr\/wp-json\/wp\/v2\/posts\/336858","targetHints":{"allow":["GET"]}}],"collection":[{"href":"https:\/\/www.europesays.com\/fr\/wp-json\/wp\/v2\/posts"}],"about":[{"href":"https:\/\/www.europesays.com\/fr\/wp-json\/wp\/v2\/types\/post"}],"author":[{"embeddable":true,"href":"https:\/\/www.europesays.com\/fr\/wp-json\/wp\/v2\/users\/2"}],"replies":[{"embeddable":true,"href":"https:\/\/www.europesays.com\/fr\/wp-json\/wp\/v2\/comments?post=336858"}],"version-history":[{"count":0,"href":"https:\/\/www.europesays.com\/fr\/wp-json\/wp\/v2\/posts\/336858\/revisions"}],"wp:featuredmedia":[{"embeddable":true,"href":"https:\/\/www.europesays.com\/fr\/wp-json\/wp\/v2\/media\/336859"}],"wp:attachment":[{"href":"https:\/\/www.europesays.com\/fr\/wp-json\/wp\/v2\/media?parent=336858"}],"wp:term":[{"taxonomy":"category","embeddable":true,"href":"https:\/\/www.europesays.com\/fr\/wp-json\/wp\/v2\/categories?post=336858"},{"taxonomy":"post_tag","embeddable":true,"href":"https:\/\/www.europesays.com\/fr\/wp-json\/wp\/v2\/tags?post=336858"}],"curies":[{"name":"wp","href":"https:\/\/api.w.org\/{rel}","templated":true}]}}