{"id":336866,"date":"2025-08-22T19:29:09","date_gmt":"2025-08-22T19:29:09","guid":{"rendered":"https:\/\/www.europesays.com\/fr\/336866\/"},"modified":"2025-08-22T19:29:09","modified_gmt":"2025-08-22T19:29:09","slug":"sans-ses-cadres-toulon-humilie-a-perpignan","status":"publish","type":"post","link":"https:\/\/www.europesays.com\/fr\/336866\/","title":{"rendered":"Sans ses cadres, Toulon humili\u00e9 \u00e0 Perpignan !"},"content":{"rendered":"<p>Ce vendredi soir, le Rugby Club Toulonnais lan\u00e7ait sa campagne de matchs de pr\u00e9paration sur la pelouse d\u2019Aim\u00e9-Giral, face \u00e0 l\u2019USAP.<\/p>\n<p>Pour ce premier galop d\u2019essai, Pierre Mignoni avait choisi de tester deux \u00e9quipes distinctes, une pour chaque mi-temps. Et le sc\u00e9nario a donn\u00e9 lieu \u00e0 deux rencontres bien diff\u00e9rentes en une seule.<\/p>\n<p>En premi\u00e8re p\u00e9riode, les Rouge et Noir ont montr\u00e9 un visage s\u00e9duisant, concr\u00e9tisant deux belles s\u00e9quences de jeu par des essais sign\u00e9s Ga\u00ebl Dr\u00e9an et Zach Mercer. De son c\u00f4t\u00e9, Perpignan est rest\u00e9 dans le match gr\u00e2ce \u00e0 un essai et une p\u00e9nalit\u00e9.<\/p>\n<p>\u00c0 la pause, Toulon menait logiquement 14 \u00e0 10.<\/p>\n<p>Mais le retour des vestiaires a marqu\u00e9 un tournant brutal. Tandis que l\u2019USAP injectait de l\u2019exp\u00e9rience avec ses cadres, le RCT lan\u00e7ait sa jeune garde.<\/p>\n<p>R\u00e9sultat : un second acte \u00e0 sens unique, largement domin\u00e9 par les Catalans, qui ont inscrit six essais contre un seul pour Toulon, \u0153uvre de Swan Rebbadj.<\/p>\n<p>Score de la seconde mi-temps : 40 \u00e0 5. Score final : 50 \u00e0 19. Une v\u00e9ritable correction qui ternit l\u2019entame de la pr\u00e9paration toulonnaise.<\/p>\n<p>Attendus au tournant, les hommes de Pierre Mignoni devront r\u00e9agir vendredi prochain \u00e0 Issoire face \u00e0 Clermont, pour rassurer avant le d\u00e9but du Top 14.<\/p>\n","protected":false},"excerpt":{"rendered":"Ce vendredi soir, le Rugby Club Toulonnais lan\u00e7ait sa campagne de matchs de pr\u00e9paration sur la pelouse d\u2019Aim\u00e9-Giral,&hellip;\n","protected":false},"author":2,"featured_media":336867,"comment_status":"","ping_status":"","sticky":false,"template":"","format":"standard","meta":{"footnotes":""},"categories":[9619],"tags":[1111,11,1777,674,1011,27,12,882,25,2310],"class_list":{"0":"post-336866","1":"post","2":"type-post","3":"status-publish","4":"format-standard","5":"has-post-thumbnail","7":"category-toulon","8":"tag-actu","9":"tag-actualites","10":"tag-eu","11":"tag-europe","12":"tag-fr","13":"tag-france","14":"tag-news","15":"tag-provence-alpes-cote-dazur","16":"tag-republique-francaise","17":"tag-toulon"},"share_on_mastodon":{"url":"https:\/\/pubeurope.com\/@fr\/115074076768936651","error":""},"_links":{"self":[{"href":"https:\/\/www.europesays.com\/fr\/wp-json\/wp\/v2\/posts\/336866","targetHints":{"allow":["GET"]}}],"collection":[{"href":"https:\/\/www.europesays.com\/fr\/wp-json\/wp\/v2\/posts"}],"about":[{"href":"https:\/\/www.europesays.com\/fr\/wp-json\/wp\/v2\/types\/post"}],"author":[{"embeddable":true,"href":"https:\/\/www.europesays.com\/fr\/wp-json\/wp\/v2\/users\/2"}],"replies":[{"embeddable":true,"href":"https:\/\/www.europesays.com\/fr\/wp-json\/wp\/v2\/comments?post=336866"}],"version-history":[{"count":0,"href":"https:\/\/www.europesays.com\/fr\/wp-json\/wp\/v2\/posts\/336866\/revisions"}],"wp:featuredmedia":[{"embeddable":true,"href":"https:\/\/www.europesays.com\/fr\/wp-json\/wp\/v2\/media\/336867"}],"wp:attachment":[{"href":"https:\/\/www.europesays.com\/fr\/wp-json\/wp\/v2\/media?parent=336866"}],"wp:term":[{"taxonomy":"category","embeddable":true,"href":"https:\/\/www.europesays.com\/fr\/wp-json\/wp\/v2\/categories?post=336866"},{"taxonomy":"post_tag","embeddable":true,"href":"https:\/\/www.europesays.com\/fr\/wp-json\/wp\/v2\/tags?post=336866"}],"curies":[{"name":"wp","href":"https:\/\/api.w.org\/{rel}","templated":true}]}}