{"id":336870,"date":"2025-08-22T19:31:10","date_gmt":"2025-08-22T19:31:10","guid":{"rendered":"https:\/\/www.europesays.com\/fr\/336870\/"},"modified":"2025-08-22T19:31:10","modified_gmt":"2025-08-22T19:31:10","slug":"la-section-paloise-battue-par-montpellier-a-auch-pour-son-premier-match-de-preparation-5-26","status":"publish","type":"post","link":"https:\/\/www.europesays.com\/fr\/336870\/","title":{"rendered":"La Section Paloise battue par Montpellier, \u00e0 Auch, pour son premier match de pr\u00e9paration (5-26)"},"content":{"rendered":"<p>La Section Paloise, tr\u00e8s brouillonne pour son premier match de pr\u00e9paration, s&rsquo;est inclin\u00e9e face \u00e0 Montpellier, \u00e0 Auch, ce vendredi soir (5-26).<\/p>\n<p>La Section Paloise est <strong>encore en rodage<\/strong>, et \u00e7a c&rsquo;est vu, ce vendredi soir, sur la pelouse du stade Jacques-Fouroux d&rsquo;Auch, face \u00e0 Montpellier (5-26). L&rsquo;occasion tout de m\u00eame de voir les premi\u00e8res en Vert et Blanc de Hayam El Bibouji, Cl\u00e9ment Paul et Thomas Laclayat. Au-del\u00e0 des scories compr\u00e9hensibles \u00e0 ce stade de la saison, les B\u00e9arnais ont eu du mal \u00e0 prendre le meilleur physiquement sur les Montpelli\u00e9rains. Le test sera au moins aussi dense la semaine prochaine, \u00e0 Mont-de-Marsan, face \u00e0 La Rochelle.<\/p>\n<p>Possessions st\u00e9riles<\/p>\n<p>Les Palois ont pass\u00e9 les 20 premi\u00e8res minutes avec le ballon dans le cas adverse, mais en faisant preuve de <strong>beaucoup de maladresse<\/strong> proche de la ligne d&rsquo;en-but h\u00e9raultaise. Montpellier a fait le dos rond pour finalement marquer sur sa premi\u00e8re occasion, en remontant le terrain sur 50m (0-7, 24e). La suite\u00a0? La m\u00eame chose, avec <strong>plusieurs lancements dans les 22m adverses syst\u00e9matiquement annihil\u00e9s par des en-avant<\/strong>. L&rsquo;autre hic de ce premier acte, les sorties visiblement bless\u00e9s de R\u00e9mi Picquette, Jon Zabala, Cl\u00e9ment Paul et Hayam El Bibouji.<\/p>\n<p>La seconde p\u00e9riode d\u00e9marre par une p\u00e9nalit\u00e9 encaiss\u00e9e en m\u00eal\u00e9e par les Sectionnistes, pris ensuite en puissance sur ballon port\u00e9, jusqu&rsquo;\u00e0 conc\u00e9der un deuxi\u00e8me essai (0-12, 49e). Les Vert et Blanc, comme en premi\u00e8re p\u00e9riode, ont tap\u00e9 sur le h\u00e9raultais, sans vraiment plus avancer, et <strong>en perdant toujours des munitions devant la d\u00e9fense<\/strong>. Et Montpellier a encore sanctionn\u00e9 ce manque de r\u00e9alisme d&rsquo;un troisi\u00e8me essai (0-19, 69e). Dans les dix derni\u00e8res minutes, Robson a trouv\u00e9 la solution en jouant au pied par-dessus la d\u00e9fense pour trouver son ailier Aymeric Luc premier \u00e0 la course (5-19, 72e). Mais c&rsquo;est bien Montpellier, dans un dernier rush, un peu trop facile, qui a eu le dernier mot (5-26, 80e).<\/p>\n<p>Les points palois<\/p>\n<p>1 essai de Aymeric Luc (72e).<\/p>\n<p>La feuille de match<\/p>\n<p>Maddocks (Luc, 62e) ; Grandidier-Nkanang (Arfeuil, 40e), Klemenczak (Valentino, 40e), Decron (Klemenczak, 62e), Luc (Carol, 40e) ; Desperes (Souverbie, 62e), Souverbie (Robson, 40e) ; Hewat (cap) (Credoz, 40e), Tuipulotu (Liufau, 40e), Paul (Zegueur, 37e) ; Maximin (Capelli, 40e), Picquette (Kpoku, 22e) ; Zabala (Papidze, 22e\u00a0; Laclayat, 40e), El Bibouji (Delhommel, 40e), Bibi-Biziwu (S\u00e9n\u00e9ca, 40e).<\/p>\n","protected":false},"excerpt":{"rendered":"La Section Paloise, tr\u00e8s brouillonne pour son premier match de pr\u00e9paration, s&rsquo;est inclin\u00e9e face \u00e0 Montpellier, \u00e0 Auch,&hellip;\n","protected":false},"author":2,"featured_media":336871,"comment_status":"","ping_status":"","sticky":false,"template":"","format":"standard","meta":{"footnotes":""},"categories":[9599],"tags":[1111,11,1777,674,1011,27,2208,12,2680,25],"class_list":{"0":"post-336870","1":"post","2":"type-post","3":"status-publish","4":"format-standard","5":"has-post-thumbnail","7":"category-montpellier","8":"tag-actu","9":"tag-actualites","10":"tag-eu","11":"tag-europe","12":"tag-fr","13":"tag-france","14":"tag-montpellier","15":"tag-news","16":"tag-occitanie","17":"tag-republique-francaise"},"share_on_mastodon":{"url":"https:\/\/pubeurope.com\/@fr\/115074084772992094","error":""},"_links":{"self":[{"href":"https:\/\/www.europesays.com\/fr\/wp-json\/wp\/v2\/posts\/336870","targetHints":{"allow":["GET"]}}],"collection":[{"href":"https:\/\/www.europesays.com\/fr\/wp-json\/wp\/v2\/posts"}],"about":[{"href":"https:\/\/www.europesays.com\/fr\/wp-json\/wp\/v2\/types\/post"}],"author":[{"embeddable":true,"href":"https:\/\/www.europesays.com\/fr\/wp-json\/wp\/v2\/users\/2"}],"replies":[{"embeddable":true,"href":"https:\/\/www.europesays.com\/fr\/wp-json\/wp\/v2\/comments?post=336870"}],"version-history":[{"count":0,"href":"https:\/\/www.europesays.com\/fr\/wp-json\/wp\/v2\/posts\/336870\/revisions"}],"wp:featuredmedia":[{"embeddable":true,"href":"https:\/\/www.europesays.com\/fr\/wp-json\/wp\/v2\/media\/336871"}],"wp:attachment":[{"href":"https:\/\/www.europesays.com\/fr\/wp-json\/wp\/v2\/media?parent=336870"}],"wp:term":[{"taxonomy":"category","embeddable":true,"href":"https:\/\/www.europesays.com\/fr\/wp-json\/wp\/v2\/categories?post=336870"},{"taxonomy":"post_tag","embeddable":true,"href":"https:\/\/www.europesays.com\/fr\/wp-json\/wp\/v2\/tags?post=336870"}],"curies":[{"name":"wp","href":"https:\/\/api.w.org\/{rel}","templated":true}]}}