{"id":336878,"date":"2025-08-22T19:36:18","date_gmt":"2025-08-22T19:36:18","guid":{"rendered":"https:\/\/www.europesays.com\/fr\/336878\/"},"modified":"2025-08-22T19:36:18","modified_gmt":"2025-08-22T19:36:18","slug":"ca-se-compte-en-tonnes-les-associations-caritatives-de-cognac-submergees-par-les-dons-de-vetements","status":"publish","type":"post","link":"https:\/\/www.europesays.com\/fr\/336878\/","title":{"rendered":"\u00ab\u00a0\u00c7a se compte en tonnes\u00a0\u00bb\u00a0: les associations caritatives de Cognac submerg\u00e9es par les dons de v\u00eatements"},"content":{"rendered":"<p>Tout l\u2019\u00e9t\u00e9, les dons de v\u00eatements ont afflu\u00e9 sur le site de Ch\u00e2teaubernard, rue Albert-Schweitzer. Plus que d\u2019habitude. \u00ab\u00a0On est submerg\u00e9\u00a0\u00bb, dit m\u00eame Viorel Dascalu, le responsable de la communaut\u00e9. La faute \u00e0 l\u2019arr\u00eat durant plusieurs mois de la collecte du Relais (qui a finalement repris fin juillet) et de Tio Createx, la fili\u00e8re de recyclage des d\u00e9chetteries de Grand Cognac, qui, elle, n\u2019a toujours pas repris. \u00ab\u00a0Avec la fast fashion et les v\u00eatements de mauvaise qualit\u00e9 venus de Chine, \u00e7a devient vraiment un probl\u00e8me et on y passe nos jeudis, qui est la journ\u00e9e de tri.\u00a0\u00bb<\/p>\n<blockquote><p>\u00ab\u00a0Avec la fast fashion, \u00e7a devient vraiment un probl\u00e8me.\u00a0\u00bb<\/p><\/blockquote>\n<p>Le d\u00e9veloppement des friperies p\u00e8se \u00e9galement. \u00ab\u00a0Ils nous appellent pour qu\u2019on vienne r\u00e9cup\u00e9rer ce qu\u2019ils ne peuvent pas vendre. On le faisait, mais maintenant nous sommes oblig\u00e9s de refuser, car il y a en trop\u00a0\u00bb, pointe Viorel Dascalu, toujours \u00e0 la recherche de b\u00e9n\u00e9voles pour venir aider les neuf compagnons du site.<\/p>\n<p>2,3 tonnes par an de dons au Secours populaire<\/p>\n<p>Ce ph\u00e9nom\u00e8ne frappe aussi les autres associations caritatives cogna\u00e7aises. Au Secours populaire, \u00ab\u00a0\u00e7a se compte en tonnes\u00a0\u00bb, qu\u2019il faut l\u00e0 aussi trier. \u00ab\u00a0En 2024, on a re\u00e7u 2.287 kg de textiles, et 829 ont \u00e9t\u00e9 jet\u00e9s soit 36\u00a0%\u00a0\u00bb, indique Marie-Danielle Boiteux, la secr\u00e9taire, qui vu la pile de dons s\u2019\u00e9paissir depuis un an.<\/p>\n<p>    La r\u00e9daction vous conseille<\/p>\n<p>M\u00eame constat \u00e0 la Croix-Rouge de Cognac, qui a fini par prendre une d\u00e9cision forte\u00a0: \u00ab\u00a0Depuis le printemps, on trie d\u00e8s r\u00e9ception avec les donateurs et ce qui ne va pas &#8211; environ 25\u00a0% de ce qu\u2019on nous am\u00e8ne &#8211; ils repartent avec. \u00c0 eux de les mettre en d\u00e9chetterie ou dans les bornes de collecte, explique Jean-Claude Dumas, le pr\u00e9sident. Cela a permis de nous soulager un peu et cela va peut-\u00eatre inciter les gens \u00e0 faire ce tri avant.\u00a0\u00bb<\/p>\n<p>        <img decoding=\"async\" id=\"25631942\" src=\"https:\/\/www.europesays.com\/fr\/wp-content\/uploads\/2025\/08\/chaussea.jpg\" alt=\"La boutique Chaussea de Ch\u00e2teaubernard a mis en place une borne de collecte de vieilles paires de chaussures. Avec une remise au bout.\" itemprop=\"contentURL\"\/><\/p>\n<p>    La boutique Chaussea de Ch\u00e2teaubernard a mis en place une borne de collecte de vieilles paires de chaussures. Avec une remise au bout.<\/p>\n<p>CL<\/p>\n<p>Comme les autres, il avoue crouler sous les dons de v\u00eatement bas de gamme, de mauvaise qualit\u00e9. \u00ab\u00a0On ne sait plus quoi en faire et les fili\u00e8res de recyclage non plus, c\u2019est pour \u00e7a qu\u2019ils ont des probl\u00e8mes.\u00a0\u00bb<\/p>\n<p>\u00c0 Ch\u00e2teaubernard, deux boutiques de pr\u00eat-\u00e0-porter ont mis en place des bornes de collecte pour le recyclage\u00a0: Oka\u00efdi (dans la galerie d\u2019Auchan) pour les v\u00eatements, le linge et les chaussures et Chaussea pour les chaussures uniquement, \u00e0 la zone de Bellevue. Ce dernier propose m\u00eame une remise de 10\u00a0% \u00e0 valoir sur le magasin pour chaque apport. \u00ab\u00a0Et \u00e7a fonctionne bien, avec le bouche-\u00e0-oreille\u00a0\u00bb, glisse C\u00e9lia Gurget, la responsable du magasin.<\/p>\n","protected":false},"excerpt":{"rendered":"Tout l\u2019\u00e9t\u00e9, les dons de v\u00eatements ont afflu\u00e9 sur le site de Ch\u00e2teaubernard, rue Albert-Schweitzer. Plus que d\u2019habitude.&hellip;\n","protected":false},"author":2,"featured_media":336879,"comment_status":"","ping_status":"","sticky":false,"template":"","format":"standard","meta":{"footnotes":""},"categories":[2821],"tags":[1111,11,829,1777,674,1011,27,12,584,25],"class_list":{"0":"post-336878","1":"post","2":"type-post","3":"status-publish","4":"format-standard","5":"has-post-thumbnail","7":"category-rennes","8":"tag-actu","9":"tag-actualites","10":"tag-bretagne","11":"tag-eu","12":"tag-europe","13":"tag-fr","14":"tag-france","15":"tag-news","16":"tag-rennes","17":"tag-republique-francaise"},"share_on_mastodon":{"url":"https:\/\/pubeurope.com\/@fr\/115074104268647361","error":""},"_links":{"self":[{"href":"https:\/\/www.europesays.com\/fr\/wp-json\/wp\/v2\/posts\/336878","targetHints":{"allow":["GET"]}}],"collection":[{"href":"https:\/\/www.europesays.com\/fr\/wp-json\/wp\/v2\/posts"}],"about":[{"href":"https:\/\/www.europesays.com\/fr\/wp-json\/wp\/v2\/types\/post"}],"author":[{"embeddable":true,"href":"https:\/\/www.europesays.com\/fr\/wp-json\/wp\/v2\/users\/2"}],"replies":[{"embeddable":true,"href":"https:\/\/www.europesays.com\/fr\/wp-json\/wp\/v2\/comments?post=336878"}],"version-history":[{"count":0,"href":"https:\/\/www.europesays.com\/fr\/wp-json\/wp\/v2\/posts\/336878\/revisions"}],"wp:featuredmedia":[{"embeddable":true,"href":"https:\/\/www.europesays.com\/fr\/wp-json\/wp\/v2\/media\/336879"}],"wp:attachment":[{"href":"https:\/\/www.europesays.com\/fr\/wp-json\/wp\/v2\/media?parent=336878"}],"wp:term":[{"taxonomy":"category","embeddable":true,"href":"https:\/\/www.europesays.com\/fr\/wp-json\/wp\/v2\/categories?post=336878"},{"taxonomy":"post_tag","embeddable":true,"href":"https:\/\/www.europesays.com\/fr\/wp-json\/wp\/v2\/tags?post=336878"}],"curies":[{"name":"wp","href":"https:\/\/api.w.org\/{rel}","templated":true}]}}