{"id":336882,"date":"2025-08-22T19:38:16","date_gmt":"2025-08-22T19:38:16","guid":{"rendered":"https:\/\/www.europesays.com\/fr\/336882\/"},"modified":"2025-08-22T19:38:16","modified_gmt":"2025-08-22T19:38:16","slug":"portrait-dagent-etre-chargee-des-risques-industriels-a-la-prefecture-du-bas-rhin-fil-dactualite-actualites","status":"publish","type":"post","link":"https:\/\/www.europesays.com\/fr\/336882\/","title":{"rendered":"Portrait d\u2019agent : \u00eatre charg\u00e9e des risques industriels \u00e0 la pr\u00e9fecture du Bas-Rhin &#8211; Fil d&rsquo;actualit\u00e9 &#8211; Actualit\u00e9s"},"content":{"rendered":"<p>Les services de l\u2019\u00c9tat regorgent de m\u00e9tiers passionnants mais m\u00e9connus ! Dans cette vid\u00e9o, Deniz Yildirim raconte sa fonction de charg\u00e9e des risques industriels \u00e0 la Pr\u00e9fecture du Bas-Rhin.\u00a0<\/p>\n<p>D\u00e9couvrez le portrait de Deniz Yildirim sur notre cha\u00eene YouTube :     <a href=\"https:\/\/www.youtube.com\/shorts\/hGW6JEuP6n0\" id=\"bc280ef89f894b55021394d3b44a8a76\" rel=\"noopener external nofollow\" title=\"Visiter le site https:\/\/www.youtube.com\/shorts\/hGW6JEuP6n0 - nouvelle fen\u00eatre\" target=\"_blank\" class=\"fr-link\">https:\/\/www.youtube.com\/shorts\/hGW6JEuP6n0<\/a><\/p>\n<p>La M\u00e9daille de la S\u00e9curit\u00e9 Int\u00e9rieure (MSI)\u00a0est destin\u00e9e \u00e0 r\u00e9compenser les services particuli\u00e8rement honorables comme un engagement exceptionnel, une intervention dans un contexte particulier, une action humanitaire ou encore d\u2019une action d\u00e9passant le cadre normal du service rendu pour des missions relevant de la s\u00e9curit\u00e9 int\u00e9rieure. Depuis f\u00e9vrier 2024, le d\u00e9partement du Bas-Rhin a enregistr\u00e9 un nombre important de d\u00e9plac\u00e9s ukrainiens. Deniz Yildirim a \u00e9t\u00e9 tr\u00e8s impliqu\u00e9e dans l\u2019identification, le recensement et la mobilisation des capacit\u00e9s d\u2019h\u00e9bergements collectifs du d\u00e9partement pour garantir des conditions d\u2019accueil dignes et s\u00e9curis\u00e9es. De ce fait, son engagement et son abn\u00e9gation dans la gestion de cette crise m\u00e9ritent d\u2019\u00eatre reconnus.<\/p>\n","protected":false},"excerpt":{"rendered":"Les services de l\u2019\u00c9tat regorgent de m\u00e9tiers passionnants mais m\u00e9connus ! Dans cette vid\u00e9o, Deniz Yildirim raconte sa&hellip;\n","protected":false},"author":2,"featured_media":336883,"comment_status":"","ping_status":"","sticky":false,"template":"","format":"standard","meta":{"footnotes":""},"categories":[2820],"tags":[1111,11,1777,674,1011,27,775,12,25,640],"class_list":{"0":"post-336882","1":"post","2":"type-post","3":"status-publish","4":"format-standard","5":"has-post-thumbnail","7":"category-strasbourg","8":"tag-actu","9":"tag-actualites","10":"tag-eu","11":"tag-europe","12":"tag-fr","13":"tag-france","14":"tag-grand-est","15":"tag-news","16":"tag-republique-francaise","17":"tag-strasbourg"},"share_on_mastodon":{"url":"https:\/\/pubeurope.com\/@fr\/115074112544998287","error":""},"_links":{"self":[{"href":"https:\/\/www.europesays.com\/fr\/wp-json\/wp\/v2\/posts\/336882","targetHints":{"allow":["GET"]}}],"collection":[{"href":"https:\/\/www.europesays.com\/fr\/wp-json\/wp\/v2\/posts"}],"about":[{"href":"https:\/\/www.europesays.com\/fr\/wp-json\/wp\/v2\/types\/post"}],"author":[{"embeddable":true,"href":"https:\/\/www.europesays.com\/fr\/wp-json\/wp\/v2\/users\/2"}],"replies":[{"embeddable":true,"href":"https:\/\/www.europesays.com\/fr\/wp-json\/wp\/v2\/comments?post=336882"}],"version-history":[{"count":0,"href":"https:\/\/www.europesays.com\/fr\/wp-json\/wp\/v2\/posts\/336882\/revisions"}],"wp:featuredmedia":[{"embeddable":true,"href":"https:\/\/www.europesays.com\/fr\/wp-json\/wp\/v2\/media\/336883"}],"wp:attachment":[{"href":"https:\/\/www.europesays.com\/fr\/wp-json\/wp\/v2\/media?parent=336882"}],"wp:term":[{"taxonomy":"category","embeddable":true,"href":"https:\/\/www.europesays.com\/fr\/wp-json\/wp\/v2\/categories?post=336882"},{"taxonomy":"post_tag","embeddable":true,"href":"https:\/\/www.europesays.com\/fr\/wp-json\/wp\/v2\/tags?post=336882"}],"curies":[{"name":"wp","href":"https:\/\/api.w.org\/{rel}","templated":true}]}}