{"id":336884,"date":"2025-08-22T19:39:24","date_gmt":"2025-08-22T19:39:24","guid":{"rendered":"https:\/\/www.europesays.com\/fr\/336884\/"},"modified":"2025-08-22T19:39:24","modified_gmt":"2025-08-22T19:39:24","slug":"on-a-visite-une-librairie-avec-des-chats-trop-mignons","status":"publish","type":"post","link":"https:\/\/www.europesays.com\/fr\/336884\/","title":{"rendered":"on a visit\u00e9 une librairie avec des chats trop mignons"},"content":{"rendered":"<p><b>Le 13 mai dernier, une librairie g\u00e9n\u00e9raliste pas comme les autres a ouvert ses portes sur la place Sainte-Catherine de Colmar. \u00ab <\/b><b>Mon Chat Pitre \u00bb\u00a0<\/b><b>ambitionne de ramener les gens vers la lecture gr\u00e2ce \u00e0 un ingr\u00e9dient : les chats ! Deuxi\u00e8me librairie de la franchise apr\u00e8s celle d\u2019Aix-en-Provence, ce concept de ronron-librairie a d\u00e9j\u00e0 s\u00e9duit petit(e)s et grand(e)s.<\/b><\/p>\n<p>Octobre 2024. Caroline Picard, \u00e0 l\u2019initiative de ce projet en Alsace, <strong>d\u00e9couvre le concept de la premi\u00e8re librairie Mon Chat Pitre sur Instagram,<\/strong> pour lequel elle a de suite <strong>le coup de coeur.<\/strong> Elle est jusqu\u2019alors experte en facturation dans le secteur de l\u2019\u00e9nergie depuis 16 ans.<\/p>\n<p>Apr\u00e8s une d\u00e9pression et un long arr\u00eat de travail li\u00e9s \u00e0 sa profession, le m\u00e9tier ne fait plus sens et\u00a0c\u2019est alors le d\u00e9clic. Curieuse, elle descend \u00e0 Aix-en-Provence \u00e0 la d\u00e9couverte de ce lieu, o\u00f9 elle s\u2019y sent bien, et se surprend \u00e0 envisager une reconversion aussi douce que poilue : <strong>ouvrir sa propre ronron-librairie.<\/strong><\/p>\n<p>                <img width=\"400\" height=\"500\" src=\"https:\/\/www.europesays.com\/fr\/wp-content\/uploads\/2025\/08\/img-2301-400x500.jpeg\" class=\"attachment-gallery size-gallery\" alt=\"Devanture Mon Chat Pitre 1\" data-full-url=\"https:\/\/pokaa.fr\/wp-content\/uploads\/2025\/08\/06\/img-2301-1500x1875.jpeg\" decoding=\"async\" loading=\"lazy\"  \/>            <\/p>\n<p>                <img width=\"400\" height=\"500\" src=\"https:\/\/www.europesays.com\/fr\/wp-content\/uploads\/2025\/08\/img-2292-400x500.jpeg\" class=\"attachment-gallery size-gallery\" alt=\"Caroline &amp;Doriane Mon Chat Pitre 2\" data-full-url=\"https:\/\/pokaa.fr\/wp-content\/uploads\/2025\/08\/06\/img-2292-1500x1875.jpeg\" decoding=\"async\" loading=\"lazy\"  \/>            <\/p>\n<p>                    Doriane et Caroline. \u00a9 Clara Lindenlaub \/ Pokaa<\/p>\n<p>    <img width=\"800\" height=\"457\" src=\"https:\/\/www.europesays.com\/fr\/wp-content\/uploads\/2025\/08\/g1-800x457.png\" class=\"attachment-image-size-L size-image-size-L\" alt=\"couv ao\u00fbt 2025\" decoding=\"async\" loading=\"lazy\"  \/>         \u00a9 Clara Lindenlaub \/ Pokaa <\/p>\n<p>Une librairie pour \u00e9crire un nouveau chat-pitre<\/p>\n<p>Changer de vie, c\u2019est une aventure. Caroline commence par apprendre ce tout nouveau m\u00e9tier en suivant<strong> trois semaines de formation intensive.<\/strong> Elle embauche ensuite <strong>Doriane, libraire dipl\u00f4m\u00e9e,<\/strong> pour l\u2019accompagner dans l\u2019\u00e9laboration de ce<strong> paradis des livres.<\/strong><\/p>\n<p>En parall\u00e8le, <strong>elle obtient l\u2019ACACED<\/strong> (Attestation de connaissances pour les animaux de compagnie d\u2019esp\u00e8ces domestiques), <strong>formation obligatoire<\/strong> pour toute personne souhaitant exercer un m\u00e9tier au contact des animaux domestiques et ayant la charge des entretiens ainsi que des soins.<\/p>\n<p>                <img width=\"400\" height=\"500\" src=\"https:\/\/www.europesays.com\/fr\/wp-content\/uploads\/2025\/08\/img-2251-400x500.jpeg\" class=\"attachment-gallery size-gallery\" alt=\"Babeth Mon Chat Pitre\" data-full-url=\"https:\/\/pokaa.fr\/wp-content\/uploads\/2025\/08\/06\/img-2251-1500x1875.jpeg\" decoding=\"async\" loading=\"lazy\"  \/>            <\/p>\n<p>                <img width=\"400\" height=\"500\" src=\"https:\/\/www.europesays.com\/fr\/wp-content\/uploads\/2025\/08\/img-2259-400x500.jpeg\" class=\"attachment-gallery size-gallery\" alt=\"Oscar Mon Chat Pitre 2\" data-full-url=\"https:\/\/pokaa.fr\/wp-content\/uploads\/2025\/08\/06\/img-2259-1500x1875.jpeg\" decoding=\"async\" loading=\"lazy\"  \/>            <\/p>\n<p>                    \u00a9 Clara Lindenlaub \/ Pokaa<\/p>\n<p>Et justement, les premiers f\u00e9lins ne tardent pas \u00e0 pointer le bout de leurs coussinets. Babette, Marianne et Agatha sont alors les premi\u00e8res \u00e0 arriver. <strong>\u00ab Quand je suis all\u00e9e au refuge Pattes de Velours \u00e0 Mulhouse, elles se sont de suite coll\u00e9es \u00e0 moi, c\u2019\u00e9tait alors une \u00e9vidence \u00bb<\/strong>, raconte Caroline.<\/p>\n<p>Deux semaines plus tard, Gustave et O\u2019Malley, deux m\u00e2les recueillis \u00e0 la SPA de Mulhouse, rejoignent la troupe. Derniers \u00e0 poser leurs coussinets \u00e0 Colmar, Jack et Oscar viennent d\u2019Aix-en-Provence, et ont \u00e9t\u00e9 <strong>ramen\u00e9s par les fondateurs de Mon Chat Pitre <\/strong>(adopt\u00e9s \u00e0 l\u2019association Les Amis de Sam).<\/p>\n<p>                <img width=\"400\" height=\"500\" src=\"https:\/\/www.europesays.com\/fr\/wp-content\/uploads\/2025\/08\/img-2190-400x500.jpeg\" class=\"attachment-gallery size-gallery\" alt=\"Oscar Mon Chat Pitre\" data-full-url=\"https:\/\/pokaa.fr\/wp-content\/uploads\/2025\/08\/06\/img-2190-1500x1875.jpeg\" decoding=\"async\" loading=\"lazy\"  \/>            <\/p>\n<p>                <img width=\"400\" height=\"500\" src=\"https:\/\/www.europesays.com\/fr\/wp-content\/uploads\/2025\/08\/img-2228-400x500.jpeg\" class=\"attachment-gallery size-gallery\" alt=\"O\u2019Malley Mon Chat Pitre\" data-full-url=\"https:\/\/pokaa.fr\/wp-content\/uploads\/2025\/08\/06\/img-2228-1500x1875.jpeg\" decoding=\"async\" loading=\"lazy\"  \/>            <\/p>\n<p>                    \u00a9 Clara Lindenlaub \/ Pokaa<\/p>\n<p>Une librairie pleine de chat-rme<\/p>\n<p>Ici, les chats sont chez eux. <strong>\u00ab\u00a0Notre premi\u00e8re valeur est avant tout le bien-\u00eatre animal\u00a0\u00bb, raconte Caroline.<\/strong> D\u00e8s l\u2019entr\u00e9e, cela se ressent : on observe un peu partout des paniers, des jouets, des gamelles, mais surtout, un parcours a\u00e9rien o\u00f9 les boules de poils se pr\u00eatent souvent au jeu du chat pendant que vous \u00eates paisiblement en train de choisir votre prochaine lecture du moment.<\/p>\n<p>Et lorsqu\u2019ils souhaitent s\u2019isoler, ils disposent <strong>d\u2019une pi\u00e8ce au sous-sol de 9 m2 rien qu\u2019\u00e0 eux,<\/strong> loin de l\u2019agitation.<\/p>\n<p>                <img width=\"400\" height=\"500\" src=\"https:\/\/www.europesays.com\/fr\/wp-content\/uploads\/2025\/08\/img-2293-400x500.jpeg\" class=\"attachment-gallery size-gallery\" alt=\"Passage de chats Mon Chat Pitre\" data-full-url=\"https:\/\/pokaa.fr\/wp-content\/uploads\/2025\/08\/06\/img-2293-1500x1875.jpeg\" decoding=\"async\" loading=\"lazy\"  \/>            <\/p>\n<p>                <img width=\"625\" height=\"500\" src=\"https:\/\/www.europesays.com\/fr\/wp-content\/uploads\/2025\/08\/img-2188-625x500.jpeg\" class=\"attachment-gallery size-gallery\" alt=\"Agatha Mon Chat Pitre\" data-full-url=\"https:\/\/pokaa.fr\/wp-content\/uploads\/2025\/08\/06\/img-2188-1500x1200.jpeg\" decoding=\"async\" loading=\"lazy\"  \/>            <\/p>\n<p>                    \u00a9 Clara Lindenlaub \/ Pokaa<\/p>\n<p>Aujourd\u2019hui, les chats vivent ici en toute libert\u00e9,<strong> et ne sont pas \u00e0 l\u2019adoption,<\/strong> car ils font partie du lieu. Ils ont \u00e9t\u00e9 recueillis pour vivre une vie d\u2019amour et de croquettes, entour\u00e9s de gens toujours partants pour des jeux ou des c\u00e2lins, <strong>leurs activit\u00e9s favorites<\/strong>.<\/p>\n<p>Ces colocataires poilus vous suivent dans les rayons, montent la garde au comptoir, s\u2019installent \u00e0 vos c\u00f4t\u00e9s pendant que vous feuilletez un roman, et vous suivent jusqu\u2019\u00e0 la caisse en bons inspecteurs des travaux finis. Ils n\u2019ont peut-\u00eatre pas de fiche de paie, <strong>mais ce sont eux les vrais chefs ici,<\/strong> garants d\u2019une <strong>atmosph\u00e8re aussi douce que leur pelage.<\/strong><\/p>\n<p>                <img width=\"625\" height=\"500\" src=\"https:\/\/www.europesays.com\/fr\/wp-content\/uploads\/2025\/08\/img-2271-625x500.jpeg\" class=\"attachment-gallery size-gallery\" alt=\"Marianne Mon Chat Pitre\" data-full-url=\"https:\/\/pokaa.fr\/wp-content\/uploads\/2025\/08\/06\/img-2271-1500x1200.jpeg\" decoding=\"async\" loading=\"lazy\"  \/>            <\/p>\n<p>                <img width=\"400\" height=\"500\" src=\"https:\/\/www.europesays.com\/fr\/wp-content\/uploads\/2025\/08\/img-2245-400x500.jpeg\" class=\"attachment-gallery size-gallery\" alt=\"Caroline &amp; Babeth Mon Chat Pitre\" data-full-url=\"https:\/\/pokaa.fr\/wp-content\/uploads\/2025\/08\/06\/img-2245-1500x1875.jpeg\" decoding=\"async\" loading=\"lazy\"  \/>            <\/p>\n<p>                <img width=\"625\" height=\"500\" src=\"https:\/\/www.europesays.com\/fr\/wp-content\/uploads\/2025\/08\/img-2276-625x500.jpeg\" class=\"attachment-gallery size-gallery\" alt=\"Jack Mon Chat Pitre\" data-full-url=\"https:\/\/pokaa.fr\/wp-content\/uploads\/2025\/08\/06\/img-2276-1500x1200.jpeg\" decoding=\"async\" loading=\"lazy\"  \/>            <\/p>\n<p>                    \u00a9 Clara Lindenlaub \/ Pokaa<\/p>\n<p>Une bulle cr\u00e9ative et bienveillante<\/p>\n<p>Caroline a \u00e9galement une autre ambition : <strong>r\u00e9concilier les gens avec la lecture. \u00ab Avec les chats, on peut notamment rassembler ceux qui ne sont pas familiers avec les librairies \u00bb, explique-t-elle.<\/strong><\/p>\n<p>Mon Chat Pitre se veut <strong>accueillant, accessible, vivant.<\/strong> On y trouve des romans, des bandes dessin\u00e9es, des livres jeunesse, des ouvrages engag\u00e9s, de la papeterie\u2026 Et surtout une <strong>\u00e9nergie bienveillante.<\/strong><\/p>\n<p>                <img width=\"400\" height=\"500\" src=\"https:\/\/www.europesays.com\/fr\/wp-content\/uploads\/2025\/08\/img-2220-400x500.jpeg\" class=\"attachment-gallery size-gallery\" alt=\"Livres Mon Chat Pitre 6\" data-full-url=\"https:\/\/pokaa.fr\/wp-content\/uploads\/2025\/08\/06\/img-2220-1500x1875.jpeg\" decoding=\"async\" loading=\"lazy\"  \/>            <\/p>\n<p>                <img width=\"400\" height=\"500\" src=\"https:\/\/www.europesays.com\/fr\/wp-content\/uploads\/2025\/08\/img-2219-400x500.jpeg\" class=\"attachment-gallery size-gallery\" alt=\"Livres Mon Chat Pitre 5\" data-full-url=\"https:\/\/pokaa.fr\/wp-content\/uploads\/2025\/08\/06\/img-2219-1500x1875.jpeg\" decoding=\"async\" loading=\"lazy\"  \/>            <\/p>\n<p>                <img width=\"400\" height=\"500\" src=\"https:\/\/www.europesays.com\/fr\/wp-content\/uploads\/2025\/08\/img-2214-400x500.jpeg\" class=\"attachment-gallery size-gallery\" alt=\"Livres Mon Chat Pitre 4\" data-full-url=\"https:\/\/pokaa.fr\/wp-content\/uploads\/2025\/08\/06\/img-2214-1500x1875.jpeg\" decoding=\"async\" loading=\"lazy\"  \/>            <\/p>\n<p>                <img width=\"400\" height=\"500\" src=\"https:\/\/www.europesays.com\/fr\/wp-content\/uploads\/2025\/08\/img-2206-400x500.jpeg\" class=\"attachment-gallery size-gallery\" alt=\"Livres Mon Chat Pitre 3\" data-full-url=\"https:\/\/pokaa.fr\/wp-content\/uploads\/2025\/08\/06\/img-2206-1500x1875.jpeg\" decoding=\"async\" loading=\"lazy\"  \/>            <\/p>\n<p>                <img width=\"400\" height=\"500\" src=\"https:\/\/www.europesays.com\/fr\/wp-content\/uploads\/2025\/08\/img-2201-400x500.jpeg\" class=\"attachment-gallery size-gallery\" alt=\"Livres Mon Chat Pitre 2\" data-full-url=\"https:\/\/pokaa.fr\/wp-content\/uploads\/2025\/08\/06\/img-2201-1500x1875.jpeg\" decoding=\"async\" loading=\"lazy\"  \/>            <\/p>\n<p>                <img width=\"400\" height=\"500\" src=\"https:\/\/www.europesays.com\/fr\/wp-content\/uploads\/2025\/08\/img-2200-400x500.jpeg\" class=\"attachment-gallery size-gallery\" alt=\"Livres Mon Chat Pitre 1\" data-full-url=\"https:\/\/pokaa.fr\/wp-content\/uploads\/2025\/08\/06\/img-2200-1500x1875.jpeg\" decoding=\"async\" loading=\"lazy\"  \/>            <\/p>\n<p>                    \u00a9 Clara Lindenlaub \/ Pokaa<\/p>\n<p>Le lieu vit aussi au rythme <strong>d\u2019\u00e9v\u00e9nements r\u00e9guliers<\/strong> : ateliers cr\u00e9atifs, rencontres-d\u00e9dicaces, cat yoga et m\u00eame des lectures de kamishiba\u00ef (planches illustr\u00e9es qui d\u00e9filent devant les yeux des spectateurs\/rices).<\/p>\n<p>Et ce n\u2019est que le d\u00e9but, car Caroline et Doriane pr\u00e9parent des projets en collaboration avec des psychologues autour de la sant\u00e9 mentale. <strong>\u00ab\u00a0Je veux que ce lieu soit un espace de cr\u00e9ativit\u00e9 libre, d\u2019\u00e9change et de bienveillance\u00a0\u00bb, confie la responsable.<\/strong> Un lieu qui <strong>apaise l\u2019esprit autant qu\u2019il r\u00e9chauffe le c\u0153ur,<\/strong> et qui ne s\u2019adresse pas qu\u2019aux fans de moustaches et de coussinets.\u00a0<\/p>\n<p>                <img width=\"400\" height=\"500\" src=\"https:\/\/www.europesays.com\/fr\/wp-content\/uploads\/2025\/08\/img-2187-400x500.jpeg\" class=\"attachment-gallery size-gallery\" alt=\"Chats libraires Mon Chat Pitre\" data-full-url=\"https:\/\/pokaa.fr\/wp-content\/uploads\/2025\/08\/06\/img-2187-1500x1875.jpeg\" decoding=\"async\" loading=\"lazy\"  \/>            <\/p>\n<p>                <img width=\"400\" height=\"500\" src=\"https:\/\/www.europesays.com\/fr\/wp-content\/uploads\/2025\/08\/img-2222-400x500.jpeg\" class=\"attachment-gallery size-gallery\" alt=\"Le coin des Marraines Parrains Mon Chat Pitre\" data-full-url=\"https:\/\/pokaa.fr\/wp-content\/uploads\/2025\/08\/06\/img-2222-1500x1875.jpeg\" decoding=\"async\" loading=\"lazy\"  \/>            <\/p>\n<p>                    \u00a9 Clara Lindenlaub \/ Pokaa<\/p>\n<p>Mon Chat Pitre est une librairie, mais c\u2019est surtout <strong>une respiration.<\/strong> Une parenth\u00e8se dans la course du quotidien et un endroit o\u00f9 l\u2019on peut <strong>redonner une chance aux mots,<\/strong> tout en caressant un chat qui s\u2019\u00e9tire entre deux \u00e9tag\u00e8res. Amoureux\/ses des chats ou curieux\/ses, poussez la porte de cette adresse, prenez un livre, <strong>et laissez les ronrons faire le reste.<\/strong><\/p>\n<p>    <img width=\"480\" height=\"600\" src=\"https:\/\/www.europesays.com\/fr\/wp-content\/uploads\/2025\/08\/img-2266-480x600.jpeg\" class=\"attachment-image-size-M size-image-size-M\" alt=\"Piano Mon Chat Pitre\" decoding=\"async\" loading=\"lazy\"  \/>         \u00a9 Clara Lindenlaub \/ Pokaa <\/p>\n<p>            Mon Chat Pitre<\/p>\n<p>            Quoi ?<br \/>\n            Librairie        <\/p>\n<p>            o\u00f9 ?<br \/>\n            5 place Sainte-Catherine, 68000 Colmar        <\/p>\n<p>                Plus d&rsquo;infos ?<\/p>\n<p><a href=\"https:\/\/www.facebook.com\/p\/Mon-Chat-Pitre-Colmar-61574566870192\/\" target=\"_blank\" rel=\"noopener nofollow\">La page Facebook<\/a><br \/><a href=\"https:\/\/www.instagram.com\/mon_chat_pitre_colmar\/?hl=fr\" target=\"_blank\" rel=\"noopener nofollow\">La page Instagram<\/a><\/p>\n<p>T\u00e9l : 06 95 24 40 90<\/p>\n<p>\u00a0<\/p>\n<p><script async src=\"\/\/www.instagram.com\/embed.js\"><\/script><\/p>\n","protected":false},"excerpt":{"rendered":"Le 13 mai dernier, une librairie g\u00e9n\u00e9raliste pas comme les autres a ouvert ses portes sur la place&hellip;\n","protected":false},"author":2,"featured_media":336885,"comment_status":"","ping_status":"","sticky":false,"template":"","format":"standard","meta":{"footnotes":""},"categories":[2820],"tags":[1111,11,2389,17049,1777,674,1011,27,775,14783,12,25,640],"class_list":{"0":"post-336884","1":"post","2":"type-post","3":"status-publish","4":"format-standard","5":"has-post-thumbnail","7":"category-strasbourg","8":"tag-actu","9":"tag-actualites","10":"tag-alsace","11":"tag-chats","12":"tag-eu","13":"tag-europe","14":"tag-fr","15":"tag-france","16":"tag-grand-est","17":"tag-librairie","18":"tag-news","19":"tag-republique-francaise","20":"tag-strasbourg"},"share_on_mastodon":{"url":"https:\/\/pubeurope.com\/@fr\/115074116648704764","error":""},"_links":{"self":[{"href":"https:\/\/www.europesays.com\/fr\/wp-json\/wp\/v2\/posts\/336884","targetHints":{"allow":["GET"]}}],"collection":[{"href":"https:\/\/www.europesays.com\/fr\/wp-json\/wp\/v2\/posts"}],"about":[{"href":"https:\/\/www.europesays.com\/fr\/wp-json\/wp\/v2\/types\/post"}],"author":[{"embeddable":true,"href":"https:\/\/www.europesays.com\/fr\/wp-json\/wp\/v2\/users\/2"}],"replies":[{"embeddable":true,"href":"https:\/\/www.europesays.com\/fr\/wp-json\/wp\/v2\/comments?post=336884"}],"version-history":[{"count":0,"href":"https:\/\/www.europesays.com\/fr\/wp-json\/wp\/v2\/posts\/336884\/revisions"}],"wp:featuredmedia":[{"embeddable":true,"href":"https:\/\/www.europesays.com\/fr\/wp-json\/wp\/v2\/media\/336885"}],"wp:attachment":[{"href":"https:\/\/www.europesays.com\/fr\/wp-json\/wp\/v2\/media?parent=336884"}],"wp:term":[{"taxonomy":"category","embeddable":true,"href":"https:\/\/www.europesays.com\/fr\/wp-json\/wp\/v2\/categories?post=336884"},{"taxonomy":"post_tag","embeddable":true,"href":"https:\/\/www.europesays.com\/fr\/wp-json\/wp\/v2\/tags?post=336884"}],"curies":[{"name":"wp","href":"https:\/\/api.w.org\/{rel}","templated":true}]}}