{"id":336886,"date":"2025-08-22T19:40:11","date_gmt":"2025-08-22T19:40:11","guid":{"rendered":"https:\/\/www.europesays.com\/fr\/336886\/"},"modified":"2025-08-22T19:40:11","modified_gmt":"2025-08-22T19:40:11","slug":"la-circulation-ralentie-sur-la-voie-mathis-en-raison-dun-accident-dans-le-tunnel-a-nice-est","status":"publish","type":"post","link":"https:\/\/www.europesays.com\/fr\/336886\/","title":{"rendered":"La circulation ralentie sur la voie Mathis en raison d&rsquo;un accident dans le tunnel \u00e0 Nice-Est"},"content":{"rendered":"<p>Un accident s\u2019est produit ce vendredi 22 ao\u00fbt aux alentours de 20h40 dans le tunnel de la voie Mathis, \u00e0 proximit\u00e9 du quartier d\u2019Acropolis, dans le sens Est-Ouest. Selon les premiers \u00e9l\u00e9ments, il n\u2019y aurait pas de bless\u00e9s graves: une voiture de d\u00e9pannage est d\u00e9j\u00e0 sur place pour intervenir.<\/p>\n<p><strong>Circulation ralentie<\/strong><\/p>\n<p>La circulation est fortement perturb\u00e9e sur environ un kilom\u00e8tre, depuis Acropolis jusqu\u2019\u00e0 l\u2019int\u00e9rieur du tunnel. Les automobilistes venant de la ville et se dirigeant vers Nice Ouest doivent pr\u00e9voir des retards et rester particuli\u00e8rement prudents en raison des bouchons.<\/p>\n","protected":false},"excerpt":{"rendered":"Un accident s\u2019est produit ce vendredi 22 ao\u00fbt aux alentours de 20h40 dans le tunnel de la voie&hellip;\n","protected":false},"author":2,"featured_media":20275,"comment_status":"","ping_status":"","sticky":false,"template":"","format":"standard","meta":{"footnotes":""},"categories":[2819],"tags":[1111,11,1777,674,1011,27,803,12,2401,882,25],"class_list":{"0":"post-336886","1":"post","2":"type-post","3":"status-publish","4":"format-standard","5":"has-post-thumbnail","7":"category-nice","8":"tag-actu","9":"tag-actualites","10":"tag-eu","11":"tag-europe","12":"tag-fr","13":"tag-france","14":"tag-info-trafic","15":"tag-news","16":"tag-nice","17":"tag-provence-alpes-cote-dazur","18":"tag-republique-francaise"},"share_on_mastodon":{"url":"https:\/\/pubeurope.com\/@fr\/115074119958975664","error":""},"_links":{"self":[{"href":"https:\/\/www.europesays.com\/fr\/wp-json\/wp\/v2\/posts\/336886","targetHints":{"allow":["GET"]}}],"collection":[{"href":"https:\/\/www.europesays.com\/fr\/wp-json\/wp\/v2\/posts"}],"about":[{"href":"https:\/\/www.europesays.com\/fr\/wp-json\/wp\/v2\/types\/post"}],"author":[{"embeddable":true,"href":"https:\/\/www.europesays.com\/fr\/wp-json\/wp\/v2\/users\/2"}],"replies":[{"embeddable":true,"href":"https:\/\/www.europesays.com\/fr\/wp-json\/wp\/v2\/comments?post=336886"}],"version-history":[{"count":0,"href":"https:\/\/www.europesays.com\/fr\/wp-json\/wp\/v2\/posts\/336886\/revisions"}],"wp:featuredmedia":[{"embeddable":true,"href":"https:\/\/www.europesays.com\/fr\/wp-json\/wp\/v2\/media\/20275"}],"wp:attachment":[{"href":"https:\/\/www.europesays.com\/fr\/wp-json\/wp\/v2\/media?parent=336886"}],"wp:term":[{"taxonomy":"category","embeddable":true,"href":"https:\/\/www.europesays.com\/fr\/wp-json\/wp\/v2\/categories?post=336886"},{"taxonomy":"post_tag","embeddable":true,"href":"https:\/\/www.europesays.com\/fr\/wp-json\/wp\/v2\/tags?post=336886"}],"curies":[{"name":"wp","href":"https:\/\/api.w.org\/{rel}","templated":true}]}}