{"id":336893,"date":"2025-08-22T19:44:11","date_gmt":"2025-08-22T19:44:11","guid":{"rendered":"https:\/\/www.europesays.com\/fr\/336893\/"},"modified":"2025-08-22T19:44:11","modified_gmt":"2025-08-22T19:44:11","slug":"la-police-europeenne-sillonne-la-ville","status":"publish","type":"post","link":"https:\/\/www.europesays.com\/fr\/336893\/","title":{"rendered":"la police europ\u00e9enne sillonne la ville"},"content":{"rendered":"<p>Une touriste du nord de la France qui demande <a href=\"https:\/\/www.sudouest.fr\/tourisme\/gironde\/tourisme-en-gironde-on-souffre-moins-que-d-autres-secteurs-a-bordeaux-les-lieux-culturels-attirent-toujours-les-vacanciers-en-juillet-25493869.php\" rel=\"nofollow noopener\" target=\"_blank\">la direction de la Cit\u00e9 du vin<\/a>, une enfant de 4\u00a0ans \u00e9gar\u00e9e sur les quais, une famille madril\u00e8ne rassur\u00e9e au miroir d\u2019eau, etc. En quelques minutes, la patrouille de police europ\u00e9enne qui sillonne le centre-ville de Bordeaux est sollicit\u00e9e \u00e0 plusieurs reprises, ce vendredi 22\u00a0ao\u00fbt.<\/p>\n<p>La patrouille p\u00e9destre attire l\u2019attention. Les policiers de la brigade de s\u00e9curisation des transports en commun (BSTC) sont accompagn\u00e9s de deux homologues en tenue de la police nationale espagnole. Pilar est en poste dans un commissariat \u00e0 Ciudad Real, pr\u00e8s de Madrid, et Alexandro travaille \u00e0 Cadix, dans l\u2019extr\u00eame sud du pays. \u00ab\u00a0Nous sommes heureux de coop\u00e9rer avec la police fran\u00e7aise, confie Pilar dans un fran\u00e7ais parfait. Cela nous permet de partager nos m\u00e9thodes de travail.\u00a0\u00bb Le dispositif est parfaitement rod\u00e9.<\/p>\n<p>        <img decoding=\"async\" id=\"25631807\" src=\"https:\/\/www.europesays.com\/fr\/wp-content\/uploads\/2025\/08\/20250822172526-davt6597.jpg\" alt=\"Au miroir d\u2019eau au contact d\u2019une famille espagnole.\" itemprop=\"contentURL\"\/><\/p>\n<p>    Au miroir d\u2019eau au contact d\u2019une famille espagnole.<\/p>\n<p>Thierry David\/SO<\/p>\n<p>    Rassurer les touristes<\/p>\n<p>C\u2019est en juin 2008 qu\u2019ont \u00e9t\u00e9 ratifi\u00e9es les D\u00e9cisions dites \u00ab\u00a0de Pr\u00fcm\u00a0\u00bb par l\u2019ensemble des pays membres de l\u2019Union europ\u00e9enne, constituant une base juridique commune pour l\u2019organisation de patrouilles conjointes. Depuis, ce dispositif ne cesse de progresser en France notamment.<\/p>\n<p>\u00ab\u00a0Un bin\u00f4me \u00e9tait pr\u00e9sent en juillet et a \u00e9t\u00e9 remplac\u00e9 par un autre au mois d\u2019ao\u00fbt, explique le commissaire divisionnaire Cl\u00e9ment Texsier, chef d\u2019\u00c9tat-major \u00e0 la Direction interd\u00e9partementale de la police nationale (DIPN33). Ils sont visibles et font le lien avec les ressortissants de leur pays s\u2019il y a besoin d\u2019une aide. Leur mission consiste \u00e0 r\u00e9aliser des patrouilles de voie publique. Mais ils peuvent aussi apporter leur concours dans les trains avec la police aux fronti\u00e8res ainsi que dans le cadre de la coop\u00e9ration entre les pays. Si nous avons besoin, par exemple, de recherches sur un fichier, ils appellent la police locale espagnole. Cela permet de gagner du temps.\u00a0\u00bb<\/p>\n<p>\u00ab\u00a0Nous rassurons les touristes de chez nous qui sont nombreux \u00e0 Bordeaux \u00bb, confie Alexandro, sp\u00e9cialis\u00e9 \u00e0 Cadix dans la lutte contre le trafic de produits stup\u00e9fiants et l\u2019immigration irr\u00e9guli\u00e8re. Pour lui, c\u2019est une premi\u00e8re tandis que Pilar a d\u00e9j\u00e0 exerc\u00e9 l\u2019\u00e9t\u00e9 dernier \u00e0 B\u00e9ziers (34) et avant \u00e0 Bruxelles et au Luxembourg. Mais c\u2019est la France qu\u2019elle pr\u00e9f\u00e8re. \u00ab\u00a0Je reviendrai\u00a0\u00bb, dit-elle.<\/p>\n","protected":false},"excerpt":{"rendered":"Une touriste du nord de la France qui demande la direction de la Cit\u00e9 du vin, une enfant&hellip;\n","protected":false},"author":2,"featured_media":336894,"comment_status":"","ping_status":"","sticky":false,"template":"","format":"standard","meta":{"footnotes":""},"categories":[2817],"tags":[1111,11,1997,1777,674,1011,27,12,2219,25],"class_list":{"0":"post-336893","1":"post","2":"type-post","3":"status-publish","4":"format-standard","5":"has-post-thumbnail","7":"category-bordeaux","8":"tag-actu","9":"tag-actualites","10":"tag-bordeaux","11":"tag-eu","12":"tag-europe","13":"tag-fr","14":"tag-france","15":"tag-news","16":"tag-nouvelle-aquitaine","17":"tag-republique-francaise"},"share_on_mastodon":{"url":"https:\/\/pubeurope.com\/@fr\/115074135763136266","error":""},"_links":{"self":[{"href":"https:\/\/www.europesays.com\/fr\/wp-json\/wp\/v2\/posts\/336893","targetHints":{"allow":["GET"]}}],"collection":[{"href":"https:\/\/www.europesays.com\/fr\/wp-json\/wp\/v2\/posts"}],"about":[{"href":"https:\/\/www.europesays.com\/fr\/wp-json\/wp\/v2\/types\/post"}],"author":[{"embeddable":true,"href":"https:\/\/www.europesays.com\/fr\/wp-json\/wp\/v2\/users\/2"}],"replies":[{"embeddable":true,"href":"https:\/\/www.europesays.com\/fr\/wp-json\/wp\/v2\/comments?post=336893"}],"version-history":[{"count":0,"href":"https:\/\/www.europesays.com\/fr\/wp-json\/wp\/v2\/posts\/336893\/revisions"}],"wp:featuredmedia":[{"embeddable":true,"href":"https:\/\/www.europesays.com\/fr\/wp-json\/wp\/v2\/media\/336894"}],"wp:attachment":[{"href":"https:\/\/www.europesays.com\/fr\/wp-json\/wp\/v2\/media?parent=336893"}],"wp:term":[{"taxonomy":"category","embeddable":true,"href":"https:\/\/www.europesays.com\/fr\/wp-json\/wp\/v2\/categories?post=336893"},{"taxonomy":"post_tag","embeddable":true,"href":"https:\/\/www.europesays.com\/fr\/wp-json\/wp\/v2\/tags?post=336893"}],"curies":[{"name":"wp","href":"https:\/\/api.w.org\/{rel}","templated":true}]}}