{"id":336914,"date":"2025-08-22T19:57:19","date_gmt":"2025-08-22T19:57:19","guid":{"rendered":"https:\/\/www.europesays.com\/fr\/336914\/"},"modified":"2025-08-22T19:57:19","modified_gmt":"2025-08-22T19:57:19","slug":"senna-et-prost-ont-enflamme-le-palais-de-paris-bercy-video","status":"publish","type":"post","link":"https:\/\/www.europesays.com\/fr\/336914\/","title":{"rendered":"Senna et Prost ont enflamm\u00e9 le palais de Paris-Bercy (+ vid\u00e9o)"},"content":{"rendered":"<p class=\"mb-4 text-lg md:leading-8 break-words\">Les <strong>Masters de <a href=\"https:\/\/www.sportauto.fr\/karting\/fia-karting-fin-championnat-europe-2025-ok-junior-danemark-436525.html\" rel=\"nofollow noopener\" target=\"_blank\" data-ylk=\"slk:Karting;elm:context_link;itc:0;sec:content-canvas\" class=\"link \">Karting<\/a> de Paris-Bercy<\/strong> occupent une <strong>place particuli\u00e8re dans l&rsquo;histoire de la course.<\/strong> Cr\u00e9\u00e9e en 1993 par l&rsquo;ancien pilote de F1 <strong>Philippe Streiff<\/strong>, l&rsquo;\u00e9preuve a rapidement acquis une aura internationale, au point de devenir un<strong> rendez-vous incontournable<\/strong> du calendrier hivernal pendant de nombreuses saisons.<\/p>\n<p>L&rsquo;immanquable de la fin de saison<\/p>\n<p class=\"mb-4 text-lg md:leading-8 break-words\"><strong>L&rsquo;id\u00e9e \u00e9tait simple mais ambitieuse<\/strong> : transformer le <strong>Palais Omnisports de Paris-Bercy<\/strong> en v\u00e9ritable ar\u00e8ne de <strong>Karting indoor<\/strong>, et y r\u00e9unir aussi bien les plus grands noms de la<strong> Formule 1<\/strong> que les espoirs du <strong>Karting mondial.<\/strong><br \/>D\u00e8s sa premi\u00e8re \u00e9dition, l&rsquo;\u00e9v\u00e9nement a marqu\u00e9 les esprits. En<strong> d\u00e9cembre 1993,<\/strong> les spectateurs ont eu droit \u00e0 un affrontement rest\u00e9 dans la l\u00e9gende : <a href=\"https:\/\/www.sportauto.fr\/retro\/f1-grand-prix-hongrie-1986-vintage-retro-piquet-senna-depassement-video-436203.htmlitem=1\" rel=\"nofollow noopener\" target=\"_blank\" data-ylk=\"slk:Ayrton Senna;elm:context_link;itc:0;sec:content-canvas\" class=\"link \"><strong>Ayrton Senna<\/strong><\/a> et <strong>Alain Prost <\/strong>se retrouvaient une derni\u00e8re fois face \u00e0 face sur la piste.<br \/><a href=\"https:\/\/www.youtube.com\/watch?v=icWxeeEdjZ0&amp;t=10s\" rel=\"nofollow noopener\" target=\"_blank\" data-ylk=\"slk:Diffus\u00e9 en mondovision sur Eurosport,;elm:context_link;itc:0;sec:content-canvas\" class=\"link \">Diffus\u00e9 en mondovision sur <strong>Eurosport<\/strong>,<\/a> Ce duel symbolisait \u00e0 lui seul la vocation de Bercy <strong>: offrir un spectacle unique o\u00f9 se c\u00f4toyaient champions \u00e9tablis et futures stars<\/strong>. Dans les ann\u00e9es suivantes, l&rsquo;\u00e9preuve a continu\u00e9 de jouer ce r\u00f4le de vitrine et de tremplin. <strong>Fernando Alonso, Lewis Hamilton<\/strong> ou encore <strong>Sebastian Vettel,<\/strong> qui allaient tous devenir Champions du monde, y ont fait leurs armes sous les&#8230;<a href=\"https:\/\/www.sportauto.fr\/retro\/stars-course-auto-f1-palais-omnisport-bercy-paris-karting-masters-437380.html\" rel=\"nofollow noopener\" target=\"_blank\" data-ylk=\"slk:Lire la suite sur Sport Auto;elm:context_link;itc:0;sec:content-canvas\" class=\"link \">Lire la suite sur Sport Auto<\/a><\/p>\n","protected":false},"excerpt":{"rendered":"Les Masters de Karting de Paris-Bercy occupent une place particuli\u00e8re dans l&rsquo;histoire de la course. Cr\u00e9\u00e9e en 1993&hellip;\n","protected":false},"author":2,"featured_media":336915,"comment_status":"","ping_status":"","sticky":false,"template":"","format":"standard","meta":{"footnotes":""},"categories":[1888],"tags":[1111,1928,11,1927,47338,12718,1777,674,11300,1011,27,47337,12,1926,37614,626,1925,47339,25],"class_list":{"0":"post-336914","1":"post","2":"type-post","3":"status-publish","4":"format-standard","5":"has-post-thumbnail","7":"category-paris","8":"tag-actu","9":"tag-actu-paris","10":"tag-actualites","11":"tag-actualites-paris","12":"tag-alain-prost","13":"tag-ayrton-senna","14":"tag-eu","15":"tag-europe","16":"tag-fin-de-saison","17":"tag-fr","18":"tag-france","19":"tag-karting-indoor","20":"tag-news","21":"tag-news-paris","22":"tag-palais-omnisports-de-paris-bercy","23":"tag-paris","24":"tag-paris-news","25":"tag-philippe-streiff","26":"tag-republique-francaise"},"share_on_mastodon":{"url":"https:\/\/pubeurope.com\/@fr\/115074186845959435","error":""},"_links":{"self":[{"href":"https:\/\/www.europesays.com\/fr\/wp-json\/wp\/v2\/posts\/336914","targetHints":{"allow":["GET"]}}],"collection":[{"href":"https:\/\/www.europesays.com\/fr\/wp-json\/wp\/v2\/posts"}],"about":[{"href":"https:\/\/www.europesays.com\/fr\/wp-json\/wp\/v2\/types\/post"}],"author":[{"embeddable":true,"href":"https:\/\/www.europesays.com\/fr\/wp-json\/wp\/v2\/users\/2"}],"replies":[{"embeddable":true,"href":"https:\/\/www.europesays.com\/fr\/wp-json\/wp\/v2\/comments?post=336914"}],"version-history":[{"count":0,"href":"https:\/\/www.europesays.com\/fr\/wp-json\/wp\/v2\/posts\/336914\/revisions"}],"wp:featuredmedia":[{"embeddable":true,"href":"https:\/\/www.europesays.com\/fr\/wp-json\/wp\/v2\/media\/336915"}],"wp:attachment":[{"href":"https:\/\/www.europesays.com\/fr\/wp-json\/wp\/v2\/media?parent=336914"}],"wp:term":[{"taxonomy":"category","embeddable":true,"href":"https:\/\/www.europesays.com\/fr\/wp-json\/wp\/v2\/categories?post=336914"},{"taxonomy":"post_tag","embeddable":true,"href":"https:\/\/www.europesays.com\/fr\/wp-json\/wp\/v2\/tags?post=336914"}],"curies":[{"name":"wp","href":"https:\/\/api.w.org\/{rel}","templated":true}]}}