{"id":336920,"date":"2025-08-22T20:00:26","date_gmt":"2025-08-22T20:00:26","guid":{"rendered":"https:\/\/www.europesays.com\/fr\/336920\/"},"modified":"2025-08-22T20:00:26","modified_gmt":"2025-08-22T20:00:26","slug":"trump-sur-le-point-de-se-retirer-des-negociations-entre-la-russie-et-lukraine","status":"publish","type":"post","link":"https:\/\/www.europesays.com\/fr\/336920\/","title":{"rendered":"Trump sur le point de se retirer des n\u00e9gociations entre la Russie et l\u2019Ukraine"},"content":{"rendered":"<p>Donald Trump ne sait plus par quel bout prendre\u00a0la guerre en Ukraine. Celui qui assurait, lors de sa campagne pr\u00e9sidentielle, qu&rsquo;il y mettrait un terme en 24\u00a0heures, rame depuis des mois pour tenter d&rsquo;obtenir un accord de cessez-le-feu.<\/p>\n<p>Apr\u00e8s avoir re\u00e7u et humili\u00e9 le pr\u00e9sident ukrainien\u00a0<a class=\"Link\" href=\"https:\/\/www.lepoint.fr\/tags\/volodymyr-zelensky\" data-gtm=\"click:capsule\" data-capsule=\"Lien\" target=\"_blank\" rel=\"noopener\">Volodymyr Zelensky<\/a> \u00e0 Washington en f\u00e9vrier, suspendu l&rsquo;aide financi\u00e8re et militaire \u00e0 l&rsquo;Ukraine, puis fait marche arri\u00e8re en faisant payer la note \u00e0 l&rsquo;Europe, apr\u00e8s avoir multipli\u00e9 les\u00a0ultimatums \u00e0 l&rsquo;encontre de Moscou, puis\u00a0d\u00e9roul\u00e9 le tapis rouge \u00e0 Vladimir Poutine le 15\u00a0ao\u00fbt en Alaska, avec pour\u00a0seul effet celui d&rsquo;avoir offert \u00e0 l&rsquo;envahisseur russe un retour tr\u00e8s critiqu\u00e9 sur la sc\u00e8ne diplomatique, le pr\u00e9sident am\u00e9ricain semble commencer \u00e0 se d\u00e9courager.<\/p>\n<p>Des sanctions ou une d\u00e9solidarisation<\/p>\n<p>Trump, qui promettait encore r\u00e9cemment \u00ab\u00a0de graves cons\u00e9quences\u00a0\u00bb \u00e0\u00a0la <a class=\"Link\" href=\"https:\/\/www.lepoint.fr\/tags\/russie\" data-gtm=\"click:capsule\" data-capsule=\"Lien\" target=\"_blank\" rel=\"noopener\">Russie<\/a> si son pr\u00e9sident ne faisait pas un pas significatif en faveur d&rsquo;un cessez-le-feu en Ukraine, a d\u00e9clar\u00e9 ce vendredi qu&rsquo;il verrait d&rsquo;ici deux semaines si ses efforts pour r\u00e9soudre ce conflit ont \u00e9t\u00e9 utiles ou non, \u00e9voquant\u00a0de nouveau la possibilit\u00e9 de sanctions contre la Russie \u00e0 l&rsquo;expiration de ce d\u00e9lai.<\/p>\n<p>\u00ab\u00a0Je ne suis pas content\u00a0\u00bb, a-t-il d\u00e9clar\u00e9 \u00e0 la presse\u00a0dans le Bureau ovale. \u00ab\u00a0Il y a \u00e9norm\u00e9ment de haine\u00a0\u00bb, a-t-il ajout\u00e9. \u00ab\u00a0Mais nous verrons ce qui se passe. Je pense que dans deux semaines, nous saurons dans quelle direction je vais.\u00a0\u00bb Le r\u00e9publicain a pr\u00e9cis\u00e9 qu&rsquo;\u00e0 l&rsquo;issue de ce d\u00e9lai, il d\u00e9cidera soit d&rsquo;imposer des \u00ab\u00a0sanctions massives\u00a0\u00bb, soit de ne rien faire et de dire \u00ab\u00a0c&rsquo;est votre combat\u00a0\u00bb. En outre, de se retirer des n\u00e9gociations et de laisser la Russie et l&rsquo;Ukraine se d\u00e9brouiller.<\/p>\n<p>L&rsquo;Ukrainien s&rsquo;impatiente, le Russe jubile<\/p>\n<p>\n\u00c0 D\u00e9couvrir<br \/>\n<strong class=\"discover-kangourou__line\"><br \/>\n<img decoding=\"async\" class=\"discover-kangourou__img\" src=\"https:\/\/static.lpnt.fr\/static\/img\/kangourou\/kangourou_filled.svg\"\/><br \/>\n<strong class=\"discover-kangourou__txt\"><br \/>\n<strong>Le Kangourou du jour<\/strong><br \/>\n<a href=\"https:\/\/kangourou.lepoint.fr\" title=\"kangourou\" data-gtm-cta=\"kangourou_article\" class=\"discover-kangourou__lnk\" target=\"_blank\" rel=\"noopener\"><br \/>\nR\u00e9pondre<br \/>\n<\/a><br \/>\n<\/strong><br \/>\n<\/strong><br \/>\nPendant ce temps, aux portes de l&rsquo;Europe, Volodymyr Zelensky a d\u00e9clar\u00e9 que la Russie faisait tout son possible pour emp\u00eacher la tenue d&rsquo;un sommet avec\u00a0Vladimir Poutine, \u00e9voqu\u00e9 depuis une semaine par Donald Trump. Le dirigeant ukrainien a affirm\u00e9 \u00e0 plusieurs reprises qu&rsquo;une telle rencontre\u00a0\u00e9tait la seule mani\u00e8re de n\u00e9gocier une issue \u00e0 la guerre d\u00e9clench\u00e9e par l&rsquo;invasion \u00e0 grande \u00e9chelle de l&rsquo;Ukraine par la Russie en f\u00e9vrier\u00a02022.<\/p>\n<p>Mais de son c\u00f4t\u00e9, Vladimir Poutine surfe encore sur le succ\u00e8s de sa rencontre avec Trump. Le dirigeant russe a salu\u00e9 vendredi le retour du r\u00e9publicain \u00e0 la Maison-Blanche. \u00ab\u00a0Avec l&rsquo;arriv\u00e9e du pr\u00e9sident Trump, je pense qu&rsquo;une lumi\u00e8re au bout du tunnel a fini par appara\u00eetre. Et maintenant nous avons eu une tr\u00e8s bonne, importante et franche rencontre en Alaska\u00a0\u00bb, a-t-il affirm\u00e9. \u00ab\u00a0Les prochaines \u00e9tapes d\u00e9pendent d\u00e9sormais des dirigeants des \u00c9tats-Unis mais je suis certain que les qualit\u00e9s de dirigeant du pr\u00e9sident actuel, le pr\u00e9sident Trump, sont une bonne garantie sur le fait que les relations seront r\u00e9tablies.\u00a0\u00bb<\/p>\n<p>Toute l\u2019actualit\u00e9 \u00e0 1\u20ac le premier mois<\/p>\n<p><a href=\"https:\/\/abo.lepoint.fr\/?provenance=21EDI020098\" class=\"btn\" title=\"S&#039;abonner\" data-gtm=\"click:abo|display:abo\" data-campaign=\"paywall_maison\" target=\"_blank\" rel=\"noopener\">S&rsquo;abonner<\/a><\/p>\n<p>ou<\/p>\n","protected":false},"excerpt":{"rendered":"Donald Trump ne sait plus par quel bout prendre\u00a0la guerre en Ukraine. Celui qui assurait, lors de sa&hellip;\n","protected":false},"author":2,"featured_media":336921,"comment_status":"","ping_status":"","sticky":false,"template":"","format":"standard","meta":{"footnotes":""},"categories":[1591],"tags":[11,75,1887,12,1885,1886,132,220,135,134],"class_list":{"0":"post-336920","1":"post","2":"type-post","3":"status-publish","4":"format-standard","5":"has-post-thumbnail","7":"category-russie","8":"tag-actualites","9":"tag-donald-trump","10":"tag-federation-de-russie","11":"tag-news","12":"tag-russia","13":"tag-russian-federation","14":"tag-russie","15":"tag-ukraine","16":"tag-vladimir-poutine","17":"tag-volodymyr-zelensky"},"share_on_mastodon":{"url":"https:\/\/pubeurope.com\/@fr\/115074198870393347","error":""},"_links":{"self":[{"href":"https:\/\/www.europesays.com\/fr\/wp-json\/wp\/v2\/posts\/336920","targetHints":{"allow":["GET"]}}],"collection":[{"href":"https:\/\/www.europesays.com\/fr\/wp-json\/wp\/v2\/posts"}],"about":[{"href":"https:\/\/www.europesays.com\/fr\/wp-json\/wp\/v2\/types\/post"}],"author":[{"embeddable":true,"href":"https:\/\/www.europesays.com\/fr\/wp-json\/wp\/v2\/users\/2"}],"replies":[{"embeddable":true,"href":"https:\/\/www.europesays.com\/fr\/wp-json\/wp\/v2\/comments?post=336920"}],"version-history":[{"count":0,"href":"https:\/\/www.europesays.com\/fr\/wp-json\/wp\/v2\/posts\/336920\/revisions"}],"wp:featuredmedia":[{"embeddable":true,"href":"https:\/\/www.europesays.com\/fr\/wp-json\/wp\/v2\/media\/336921"}],"wp:attachment":[{"href":"https:\/\/www.europesays.com\/fr\/wp-json\/wp\/v2\/media?parent=336920"}],"wp:term":[{"taxonomy":"category","embeddable":true,"href":"https:\/\/www.europesays.com\/fr\/wp-json\/wp\/v2\/categories?post=336920"},{"taxonomy":"post_tag","embeddable":true,"href":"https:\/\/www.europesays.com\/fr\/wp-json\/wp\/v2\/tags?post=336920"}],"curies":[{"name":"wp","href":"https:\/\/api.w.org\/{rel}","templated":true}]}}