{"id":336924,"date":"2025-08-22T20:02:11","date_gmt":"2025-08-22T20:02:11","guid":{"rendered":"https:\/\/www.europesays.com\/fr\/336924\/"},"modified":"2025-08-22T20:02:11","modified_gmt":"2025-08-22T20:02:11","slug":"drame-aux-etats-unis-un-bus-touristique-avec-des-enfants-a-bord-se-renverse-sur-une-autoroute-de-letat-de-new-york-plusieurs-morts-a-deplorer","status":"publish","type":"post","link":"https:\/\/www.europesays.com\/fr\/336924\/","title":{"rendered":"Drame aux \u00c9tats-Unis\u00a0: un bus touristique avec des enfants \u00e0 bord se renverse sur une autoroute de l\u2019\u00c9tat de New York, plusieurs morts \u00e0 d\u00e9plorer"},"content":{"rendered":"<p>\n                                                                Un autocar transportant une cinquantaine de touristes, parmi lesquels des enfants, s\u2019est renvers\u00e9 sur une autoroute du nord de l\u2019\u00c9tat de New York, faisant de nombreuses victimes dont plusieurs morts, a annonc\u00e9 la police.\u00a0La plupart des passagers du v\u00e9hicule sont d\u2019origine indienne, philippine ou chinoise, a-t-elle pr\u00e9cis\u00e9.\n                            <\/p>\n<p>\u00ab\u00a0C\u2019est un autocar de tourisme qui venait des chutes du Niagara en direction de ce que nous pensons \u00eatre New York City, avec plus de 50 passagers \u00e0 bord, des femmes, des enfants \u00e9galement\u00a0\u00bb, a d\u00e9clar\u00e9 James O\u2019Callaghan, porte-parole de la police de l\u2019\u00c9tat, interrog\u00e9 depuis les lieux par les t\u00e9l\u00e9visions locales.<\/p>\n<p>\u00ab\u00a0L\u2019autocar circulait vers l\u2019est juste avant la sortie de Pembroke, et pour des raisons inconnues a perdu le contr\u00f4le, est all\u00e9 dans le terre-plein central [\u2026] et a fini dans le foss\u00e9\u00a0\u00bb, a-t-il poursuivi. Il a \u00e9galement pr\u00e9cis\u00e9 que des personnes \u00e9taient toujours incarc\u00e9r\u00e9es\u00a0\u00bb dans l\u2019autocar quand d\u2019autres avaient \u00e9t\u00e9 \u00ab\u00a0\u00e9ject\u00e9es\u00a0\u00bb du bus.<\/p>\n<p>\u00ab\u00a0Il y a plusieurs bless\u00e9s graves, et comme cela vient d\u2019\u00eatre annonc\u00e9 par la police de l\u2019\u00c9tat de New York, plusieurs morts\u00a0\u00bb, a aussi rapport\u00e9 sur X Mark Poloncarz, responsable du comt\u00e9 d\u2019Eri\u00e9. De nombreux secours ont \u00e9t\u00e9 envoy\u00e9s sur place, appuy\u00e9s par plusieurs h\u00e9licopt\u00e8res.<\/p>\n","protected":false},"excerpt":{"rendered":"Un autocar transportant une cinquantaine de touristes, parmi lesquels des enfants, s\u2019est renvers\u00e9 sur une autoroute du nord&hellip;\n","protected":false},"author":2,"featured_media":336925,"comment_status":"","ping_status":"","sticky":false,"template":"","format":"standard","meta":{"footnotes":""},"categories":[1589],"tags":[11,73,1866,12,1864,1865,1863,308],"class_list":{"0":"post-336924","1":"post","2":"type-post","3":"status-publish","4":"format-standard","5":"has-post-thumbnail","7":"category-etats-unis","8":"tag-actualites","9":"tag-etats-unis","10":"tag-etats-unis-damerique","11":"tag-news","12":"tag-united-states","13":"tag-united-states-of-america","14":"tag-us","15":"tag-usa"},"share_on_mastodon":{"url":"https:\/\/pubeurope.com\/@fr\/115074206500240711","error":""},"_links":{"self":[{"href":"https:\/\/www.europesays.com\/fr\/wp-json\/wp\/v2\/posts\/336924","targetHints":{"allow":["GET"]}}],"collection":[{"href":"https:\/\/www.europesays.com\/fr\/wp-json\/wp\/v2\/posts"}],"about":[{"href":"https:\/\/www.europesays.com\/fr\/wp-json\/wp\/v2\/types\/post"}],"author":[{"embeddable":true,"href":"https:\/\/www.europesays.com\/fr\/wp-json\/wp\/v2\/users\/2"}],"replies":[{"embeddable":true,"href":"https:\/\/www.europesays.com\/fr\/wp-json\/wp\/v2\/comments?post=336924"}],"version-history":[{"count":0,"href":"https:\/\/www.europesays.com\/fr\/wp-json\/wp\/v2\/posts\/336924\/revisions"}],"wp:featuredmedia":[{"embeddable":true,"href":"https:\/\/www.europesays.com\/fr\/wp-json\/wp\/v2\/media\/336925"}],"wp:attachment":[{"href":"https:\/\/www.europesays.com\/fr\/wp-json\/wp\/v2\/media?parent=336924"}],"wp:term":[{"taxonomy":"category","embeddable":true,"href":"https:\/\/www.europesays.com\/fr\/wp-json\/wp\/v2\/categories?post=336924"},{"taxonomy":"post_tag","embeddable":true,"href":"https:\/\/www.europesays.com\/fr\/wp-json\/wp\/v2\/tags?post=336924"}],"curies":[{"name":"wp","href":"https:\/\/api.w.org\/{rel}","templated":true}]}}