{"id":336926,"date":"2025-08-22T20:03:12","date_gmt":"2025-08-22T20:03:12","guid":{"rendered":"https:\/\/www.europesays.com\/fr\/336926\/"},"modified":"2025-08-22T20:03:12","modified_gmt":"2025-08-22T20:03:12","slug":"les-anticipations-dinflation-a-court-terme-au-royaume-uni-restent-stables-a-40-selon-citi-et-yougov","status":"publish","type":"post","link":"https:\/\/www.europesays.com\/fr\/336926\/","title":{"rendered":"Les anticipations d&rsquo;inflation \u00e0 court terme au Royaume-Uni restent stables \u00e0 4,0\u00a0% selon Citi et YouGov"},"content":{"rendered":"<p>Les anticipations d&rsquo;inflation \u00e0 court terme au Royaume-Uni demeurent inchang\u00e9es \u00e0 4,0\u00a0% au mois d&rsquo;ao\u00fbt, r\u00e9v\u00e8le une enqu\u00eate publi\u00e9e vendredi par la banque Citi et l&rsquo;institut de sondage YouGov.<\/p>\n<p>\nL&rsquo;\u00e9tude indique \u00e9galement que les anticipations d&rsquo;inflation \u00e0 plus long terme dans le pays ont recul\u00e9 \u00e0 3,9\u00a0% contre 4,2\u00a0% pr\u00e9c\u00e9demment, retrouvant ainsi leur niveau du mois de f\u00e9vrier.<\/p>\n","protected":false},"excerpt":{"rendered":"Les anticipations d&rsquo;inflation \u00e0 court terme au Royaume-Uni demeurent inchang\u00e9es \u00e0 4,0\u00a0% au mois d&rsquo;ao\u00fbt, r\u00e9v\u00e8le une enqu\u00eate&hellip;\n","protected":false},"author":2,"featured_media":336927,"comment_status":"","ping_status":"","sticky":false,"template":"","format":"standard","meta":{"footnotes":""},"categories":[1588],"tags":[11,340,1777,674,12,473,1853,1851,1850,1852],"class_list":{"0":"post-336926","1":"post","2":"type-post","3":"status-publish","4":"format-standard","5":"has-post-thumbnail","7":"category-royaume-uni","8":"tag-actualites","9":"tag-bourse","10":"tag-eu","11":"tag-europe","12":"tag-news","13":"tag-royaume-uni","14":"tag-royaume-uni-de-grande-bretagne-et-dirlande-du-nord","15":"tag-uk","16":"tag-united-kingdom","17":"tag-united-kingdom-of-great-britain-and-northern-ireland"},"share_on_mastodon":{"url":"https:\/\/pubeurope.com\/@fr\/115074210447031660","error":""},"_links":{"self":[{"href":"https:\/\/www.europesays.com\/fr\/wp-json\/wp\/v2\/posts\/336926","targetHints":{"allow":["GET"]}}],"collection":[{"href":"https:\/\/www.europesays.com\/fr\/wp-json\/wp\/v2\/posts"}],"about":[{"href":"https:\/\/www.europesays.com\/fr\/wp-json\/wp\/v2\/types\/post"}],"author":[{"embeddable":true,"href":"https:\/\/www.europesays.com\/fr\/wp-json\/wp\/v2\/users\/2"}],"replies":[{"embeddable":true,"href":"https:\/\/www.europesays.com\/fr\/wp-json\/wp\/v2\/comments?post=336926"}],"version-history":[{"count":0,"href":"https:\/\/www.europesays.com\/fr\/wp-json\/wp\/v2\/posts\/336926\/revisions"}],"wp:featuredmedia":[{"embeddable":true,"href":"https:\/\/www.europesays.com\/fr\/wp-json\/wp\/v2\/media\/336927"}],"wp:attachment":[{"href":"https:\/\/www.europesays.com\/fr\/wp-json\/wp\/v2\/media?parent=336926"}],"wp:term":[{"taxonomy":"category","embeddable":true,"href":"https:\/\/www.europesays.com\/fr\/wp-json\/wp\/v2\/categories?post=336926"},{"taxonomy":"post_tag","embeddable":true,"href":"https:\/\/www.europesays.com\/fr\/wp-json\/wp\/v2\/tags?post=336926"}],"curies":[{"name":"wp","href":"https:\/\/api.w.org\/{rel}","templated":true}]}}