{"id":336939,"date":"2025-08-22T20:11:10","date_gmt":"2025-08-22T20:11:10","guid":{"rendered":"https:\/\/www.europesays.com\/fr\/336939\/"},"modified":"2025-08-22T20:11:10","modified_gmt":"2025-08-22T20:11:10","slug":"le-gros-coup-dur-pour-lalterna-stade-poitevin-avec-la-blessure-danatole-chaboissant","status":"publish","type":"post","link":"https:\/\/www.europesays.com\/fr\/336939\/","title":{"rendered":"le gros coup dur pour l\u2019Alterna Stade Poitevin, avec la blessure d\u2019Anatole Chaboissant"},"content":{"rendered":"<p>Il y avait tout\u2026 La frustration et les regrets s\u2019entendent dans la voix de C\u00e9dric Enard. Comme ce temps de l\u2019imparfait que le manager de l\u2019Alterna Stade Poitevin n\u2019aurait jamais voulu utiliser. Il doit pourtant s\u2019y r\u00e9soudre aujourd\u2019hui. Parce qu\u2019Anatole Chaboissant ne pourra pas porter le maillot de l\u2019Alterna Stade Poitevin dans les prochains mois. Le jeune passeur niortais souffre, en effet, d\u2019une fracture de fatigue au niveau du tibia, dont il a \u00e9t\u00e9 op\u00e9r\u00e9 fin juillet, et va devoir suivre une longue r\u00e9\u00e9ducation qui devrait l\u2019\u00e9loigner des terrains durant une bonne partie, voire l\u2019int\u00e9gralit\u00e9, de la saison&#8230;. <\/p>\n<p>    Cet article a \u00e9t\u00e9 tronqu\u00e9. Abonnez-vous pour lire l&rsquo;article complet sur notre site.<\/p>\n<p style=\"margin: 0 !important; padding: 0 !important; font-size: 12px !important;\">Cet article a \u00e9t\u00e9 tronqu\u00e9. Abonnez-vous pour lire l&rsquo;article complet.<\/p>\n<p>    <a href=\"https:\/\/www.lanouvellerepublique.fr\/abonnements\" style=\"display: inline-block; margin-top: 5px !important; padding: 6px 12px !important; background: #cb1c27; color: white; text-decoration: none; border-radius: 4px; font-size: 12px !important;\" rel=\"nofollow noopener\" target=\"_blank\"><br \/>\n      S&rsquo;abonner<br \/>\n    <\/a><\/p>\n","protected":false},"excerpt":{"rendered":"Il y avait tout\u2026 La frustration et les regrets s\u2019entendent dans la voix de C\u00e9dric Enard. Comme ce&hellip;\n","protected":false},"author":2,"featured_media":336940,"comment_status":"","ping_status":"","sticky":false,"template":"","format":"standard","meta":{"footnotes":""},"categories":[1417],"tags":[1392,1654,1011,27,1655,1653,60,1584,1470,1469],"class_list":{"0":"post-336939","1":"post","2":"type-post","3":"status-publish","4":"format-standard","5":"has-post-thumbnail","7":"category-volley","8":"tag-a-la-une-local","9":"tag-alterna-stade-poitevin-volley-ball","10":"tag-fr","11":"tag-france","12":"tag-ligue-a","13":"tag-poitiers","14":"tag-sports","15":"tag-vienne","16":"tag-volley","17":"tag-volleyball"},"share_on_mastodon":{"url":"https:\/\/pubeurope.com\/@fr\/115074241932303088","error":""},"_links":{"self":[{"href":"https:\/\/www.europesays.com\/fr\/wp-json\/wp\/v2\/posts\/336939","targetHints":{"allow":["GET"]}}],"collection":[{"href":"https:\/\/www.europesays.com\/fr\/wp-json\/wp\/v2\/posts"}],"about":[{"href":"https:\/\/www.europesays.com\/fr\/wp-json\/wp\/v2\/types\/post"}],"author":[{"embeddable":true,"href":"https:\/\/www.europesays.com\/fr\/wp-json\/wp\/v2\/users\/2"}],"replies":[{"embeddable":true,"href":"https:\/\/www.europesays.com\/fr\/wp-json\/wp\/v2\/comments?post=336939"}],"version-history":[{"count":0,"href":"https:\/\/www.europesays.com\/fr\/wp-json\/wp\/v2\/posts\/336939\/revisions"}],"wp:featuredmedia":[{"embeddable":true,"href":"https:\/\/www.europesays.com\/fr\/wp-json\/wp\/v2\/media\/336940"}],"wp:attachment":[{"href":"https:\/\/www.europesays.com\/fr\/wp-json\/wp\/v2\/media?parent=336939"}],"wp:term":[{"taxonomy":"category","embeddable":true,"href":"https:\/\/www.europesays.com\/fr\/wp-json\/wp\/v2\/categories?post=336939"},{"taxonomy":"post_tag","embeddable":true,"href":"https:\/\/www.europesays.com\/fr\/wp-json\/wp\/v2\/tags?post=336939"}],"curies":[{"name":"wp","href":"https:\/\/api.w.org\/{rel}","templated":true}]}}