{"id":336941,"date":"2025-08-22T20:12:10","date_gmt":"2025-08-22T20:12:10","guid":{"rendered":"https:\/\/www.europesays.com\/fr\/336941\/"},"modified":"2025-08-22T20:12:10","modified_gmt":"2025-08-22T20:12:10","slug":"rugby-suivez-sa-xv-ubb-en-direct-ecrit-charente-libre","status":"publish","type":"post","link":"https:\/\/www.europesays.com\/fr\/336941\/","title":{"rendered":"Rugby : suivez SA XV &#8211; UBB en direct \u00e9crit &#8211; Charente Libre"},"content":{"rendered":"<ol>\n<li><a href=\"https:\/\/news.google.com\/rss\/articles\/CBMixwFBVV95cUxOclNfbTVzaERVLTFoOTB5MVA1VGg0TF9oQjRaNmRSTFVZSmFwS3dpd19seUtVbk95ODZhU3ZJR2RfcHAwaGpzLXR6R3BMc2o2eHR6cDBPSXNsamhZUVQ2VU5fQTN4UUlaQjMyZE5IU3lpOUF3cE9abkZOVHUzMGFSWlEtYlBady00clJGQzFXLU9FN2d0UlpqSWZseDFFSmxsZkR1bF9HRUV0M05lSlNuSEp5NndQbkJFUmMtNzE4NWhhcG4xcHZ3?oc=5\" target=\"_blank\" rel=\"nofollow noopener\">Rugby : suivez SA XV &#8211; UBB en direct \u00e9crit<\/a>&nbsp;&nbsp;Charente Libre<\/li>\n<li><a href=\"https:\/\/news.google.com\/rss\/articles\/CBMirwFBVV95cUxNM1NNRzZ2ZGFSVXVrV1NBSkVpRWNxSjVLaWtpbjNGckxVQXN5b1JwVzZMb2hWeTI0UWN2cmJpdjRHclcxaXAyZk5CWEJUQ1ZBaHhkU1RRNGFNdkktRmpIMFR3YzlDbndrVVBfTUo2ZWppWGIydms4X1c0d0ZSMU9BT29zWjRIX0hRVkxuWlBVbG5oNm1idHlXLVVQZXZwLWlDXzN1U2QtcmJ6WWlQS1k0?oc=5\" target=\"_blank\" rel=\"nofollow noopener\">Rugby : suivez la rencontre SA XV &#8211; UBB en direct vid\u00e9o<\/a>&nbsp;&nbsp;Charente Libre<\/li>\n<li><a href=\"https:\/\/news.google.com\/rss\/articles\/CBMi3AFBVV95cUxNazg3czQzX2IxTDRuaDBDQ2VRY2tCcGZHMnk1c0w1Ul9Ic1NVVGpUY0lUV2d1TkYxT1pBcTRER2NLdE9PNk13WTBGS1hKVXJZSkFPV0lESHg1bXZhQ1VDdEt6ZDBkdzhFcmFXNkJoVzkwMldDMnF3TEg3SmR2SkxPREgwZ2RMeFhQVnBPLUFITkljenpIbVBxOTI2aG51VXhENHphMTRFMVY1X0dmZ21YRTRDS2ZuX3JfaXJOQXV4cFMwb2UwY05mam1XS0NyWTFLd3MtWGtrX05PZWVY?oc=5\" target=\"_blank\" rel=\"nofollow noopener\">DIRECT. Union Bordeaux B\u00e8gles \u2013 SA XV Charente : suivez la rencontre en live sur TV7<\/a>&nbsp;&nbsp;Sud Ouest<\/li>\n<li><a href=\"https:\/\/news.google.com\/rss\/articles\/CBMidkFVX3lxTE1LbDN5REtJQ1JtR1FXMWtGTElDbEVPaklyaThfcDIzSTl3N1FqRC04RDdYUUMzX242WU1BdXQwamY0WmdydnpZd00wWmh0SThXSUE1N28xeHZjd05Ndnl3WFFnZGQ1bzB0NHotXy13bnlGWm1wQnc?oc=5\" target=\"_blank\" rel=\"nofollow noopener\">La compo face au SAXV<\/a>&nbsp;&nbsp;Union Bordeaux B\u00e8gles<\/li>\n<li><a href=\"https:\/\/news.google.com\/rss\/articles\/CBMiyAFBVV95cUxOLTZ0NnU3X0Rkc3Q3ZGM2Z0FJSEExYVJyQU5TLUFmRWlyM3ZUUzQ4VnR1LXpHakZ4aVpuaXlxQWdyQzZhQ1l5bkFPbmZublg1emZGU1A3NkdVcGFEb1JaMmNUMWJqYjdINmRYaWI3R3JHS3VVVmdlWjZzRWtMaHROM1NnOWhiSEwyVVN5ck1hMVR3TThzNmE4b2hGaExjaGd2WWxOUUoxNDFzYVhWMllfRFlfV2I2b0FGYUhPNHFBLTVHazdXN2pEVA?oc=5\" target=\"_blank\" rel=\"nofollow noopener\">Top 14 &#8211; L&rsquo;UBB d\u00e9roule \u00e0 Soyaux-Angoul\u00eame pour sa premi\u00e8re sortie de la saison (29-14)<\/a>&nbsp;&nbsp;francebleu.fr<\/li>\n<\/ol>\n","protected":false},"excerpt":{"rendered":"Rugby : suivez SA XV &#8211; UBB en direct \u00e9crit&nbsp;&nbsp;Charente Libre Rugby : suivez la rencontre SA XV&hellip;\n","protected":false},"author":2,"featured_media":336942,"comment_status":"","ping_status":"","sticky":false,"template":"","format":"standard","meta":{"footnotes":""},"categories":[1416],"tags":[1011,27,479,1468,60],"class_list":{"0":"post-336941","1":"post","2":"type-post","3":"status-publish","4":"format-standard","5":"has-post-thumbnail","7":"category-rugby","8":"tag-fr","9":"tag-france","10":"tag-rugby","11":"tag-rugby-football","12":"tag-sports"},"share_on_mastodon":{"url":"https:\/\/pubeurope.com\/@fr\/115074245875067976","error":""},"_links":{"self":[{"href":"https:\/\/www.europesays.com\/fr\/wp-json\/wp\/v2\/posts\/336941","targetHints":{"allow":["GET"]}}],"collection":[{"href":"https:\/\/www.europesays.com\/fr\/wp-json\/wp\/v2\/posts"}],"about":[{"href":"https:\/\/www.europesays.com\/fr\/wp-json\/wp\/v2\/types\/post"}],"author":[{"embeddable":true,"href":"https:\/\/www.europesays.com\/fr\/wp-json\/wp\/v2\/users\/2"}],"replies":[{"embeddable":true,"href":"https:\/\/www.europesays.com\/fr\/wp-json\/wp\/v2\/comments?post=336941"}],"version-history":[{"count":0,"href":"https:\/\/www.europesays.com\/fr\/wp-json\/wp\/v2\/posts\/336941\/revisions"}],"wp:featuredmedia":[{"embeddable":true,"href":"https:\/\/www.europesays.com\/fr\/wp-json\/wp\/v2\/media\/336942"}],"wp:attachment":[{"href":"https:\/\/www.europesays.com\/fr\/wp-json\/wp\/v2\/media?parent=336941"}],"wp:term":[{"taxonomy":"category","embeddable":true,"href":"https:\/\/www.europesays.com\/fr\/wp-json\/wp\/v2\/categories?post=336941"},{"taxonomy":"post_tag","embeddable":true,"href":"https:\/\/www.europesays.com\/fr\/wp-json\/wp\/v2\/tags?post=336941"}],"curies":[{"name":"wp","href":"https:\/\/api.w.org\/{rel}","templated":true}]}}