{"id":336943,"date":"2025-08-22T20:13:10","date_gmt":"2025-08-22T20:13:10","guid":{"rendered":"https:\/\/www.europesays.com\/fr\/336943\/"},"modified":"2025-08-22T20:13:10","modified_gmt":"2025-08-22T20:13:10","slug":"alycia-parks-diana-shnaider-wta-500-monterrey-demi-finales-samedi-23-aout-2025-lequipe","status":"publish","type":"post","link":"https:\/\/www.europesays.com\/fr\/336943\/","title":{"rendered":"Alycia Parks &#8211; Diana Shnaider, WTA 500, Monterrey, Demi-finales, Samedi 23 ao\u00fbt 2025 &#8211; L&#039;\u00c9quipe"},"content":{"rendered":"<ol>\n<li><a href=\"https:\/\/news.google.com\/rss\/articles\/CBMiwgFBVV95cUxQUlVoemRWQzBYWWdLSXk0YjdOMWFET0FENmh2MTV2c1E5ZlNFN0hyRF9SQndKSnVyem5BcU5rLUFmVUxkRkg2WDJmdHpHd29KNHZ2dnp2Z3Vxd3FhOWtzdHFDRGJ3N3hqLW82cVAzT2I3QmNQSTIyTkV5Z0JfM1dBeFdmckJuUWhaZmFaQkZmQUVCQ1Npb0ppXy1kM0xmTEdsYnRaaHNMbHdQa2tjdktIV0pYckNuUkdUdHNITFFRTy1DQQ?oc=5\" target=\"_blank\" rel=\"nofollow noopener\">Alycia Parks &#8211; Diana Shnaider, WTA 500, Monterrey, Demi-finales, Samedi 23 ao\u00fbt 2025<\/a>&nbsp;&nbsp;L&rsquo;\u00c9quipe<\/li>\n<li><a href=\"https:\/\/news.google.com\/rss\/articles\/CBMi1gFBVV95cUxNLXFkWHZ4MXhGT3JEQTMxTlpjRjBsdU53a3Q4dm8tVWdNOWRwN3RGMzE1OVkxMnI1dFJKVlk0eGdlbkFncEhjTXo3bXU4T0xJUmpfOWFna2RBYUhnS0lyQU1IRTd5Wl80eWEzUmZyUHY4UlR4cXZIenBVeVUxVEhpRHExU1dvYlloVXctTFcyVkc2MWFKMGMxQjI3dlVMSUlVZG5qNXNLamdQYl9tOUJDdmpVMVpoaUVKTkctWXAydzlhc3E2ZGtXcGltX252VFdIZ0dOdlNR?oc=5\" target=\"_blank\" rel=\"nofollow noopener\">WTA Monterrey : Le tableau, le direct et les r\u00e9sultats &#8211; L&rsquo;heure du r\u00e9veil pour Shnaider et Parks<\/a>&nbsp;&nbsp;Ski Nordique<\/li>\n<li><a href=\"https:\/\/news.google.com\/rss\/articles\/CBMi-gFBVV95cUxQYmxWdEFTYmhjeUpSWXNsQjZSajdmUVd0MHlqTktBRE5SOXdMVEhvWHJFUlB1T1NJOEswS1FwM0tpbnN4ZUtpWFRMNloyWVJaSkRPQk9RbjZoN1VUS19TdDZFMjB2RTc5bzlxRmlXTy1zREFJSEp6b0FBUmFoTm5CODJubENVRldyQU5vZ1d3R0EwU1VVOUFBME1lVlVpRTJqbTdnZDNiRk9ySUhxd3ZJdjJabVY2elNINm16N1hXRGhwa3JlUkFWZHBveGY1c1RJaWY5TjBrUmNLWkpkak5GbGR6eERiUEQxeXNEVmtDVHkxRW5aY0JMa2pn?oc=5\" target=\"_blank\" rel=\"nofollow noopener\">Le trafic des trains \u00e0 l&rsquo;arr\u00eat entre Etterbeek et Ottignies apr\u00e8s un heurt de personne<\/a>&nbsp;&nbsp;La Libre.be<\/li>\n<li><a href=\"https:\/\/news.google.com\/rss\/articles\/CBMic0FVX3lxTE00QWdaekg4NUNCdEFSRVk2YU5zeEJHQmRRcFY2UzM3Z2Jtb1d3cDlTNk9KbklZQkVOUXZZdmVtcm8xYkFXUU44aDJNekc0UFBCMERCWVBEdEdnOGgzbHBTRUxnOUhLS0VydFMtZWVRSW9QVW8?oc=5\" target=\"_blank\" rel=\"nofollow noopener\">Tennis : Diane Parry renoue avec la victoire<\/a>&nbsp;&nbsp;Nice Premium<\/li>\n<li><a href=\"https:\/\/news.google.com\/rss\/articles\/CBMisgFBVV95cUxPdzZWODZoc1VuZ21HX1BFc2ZtZ0doMG94Y1c2Zng4YUthNENOaXE2ZzlYTHFvWC1xR1VXUldpcmdNazhyMW9zZmxLM1M5TDFHYWhZRFRkeEdBUEJqd3RNcTBmNldwRWRFRFhTdVRRRndjWi16Z1g1S0tZbnk1QWFDS2NhN1FzWEFkYzg3UFVWN0tnQ3AxeW03RTdiUDB0RHZBOXRqQ2V0eUZOWmIwb0FUdmdB0gGwAUFVX3lxTE9YNjZPT3huMUZoYUx2NHdvdmpHWHZXRnEyNy1SUENhSUhIRjBINzdLNDJmRmQyMnN6amJBcTlHdEVreHdESHNLQ3p4TDhZOW15VldSR0hFb0xFNVdrTzZiQ25EQnY0N3Zlem1nNFV0dFg2S1RsTm5GOXhzc0NSMkhodGtjZjltazMtNGNBWG4xY3dmU2Q5ZkFxa3ZScGRDWWZIZE5tUll4LVM3OEJ1akV4?oc=5\" target=\"_blank\" rel=\"nofollow noopener\">WTA &#8211; Monterrey : Pas de deuxi\u00e8me tour pour Jeanjean<\/a>&nbsp;&nbsp;Orange Actualit\u00e9s | Sports<\/li>\n<\/ol>\n","protected":false},"excerpt":{"rendered":"Alycia Parks &#8211; Diana Shnaider, WTA 500, Monterrey, Demi-finales, Samedi 23 ao\u00fbt 2025&nbsp;&nbsp;L&rsquo;\u00c9quipe WTA Monterrey : Le tableau,&hellip;\n","protected":false},"author":2,"featured_media":1983,"comment_status":"","ping_status":"","sticky":false,"template":"","format":"standard","meta":{"footnotes":""},"categories":[1415],"tags":[1011,27,60,1467],"class_list":{"0":"post-336943","1":"post","2":"type-post","3":"status-publish","4":"format-standard","5":"has-post-thumbnail","7":"category-tennis","8":"tag-fr","9":"tag-france","10":"tag-sports","11":"tag-tennis"},"share_on_mastodon":{"url":"https:\/\/pubeurope.com\/@fr\/115074249676638799","error":""},"_links":{"self":[{"href":"https:\/\/www.europesays.com\/fr\/wp-json\/wp\/v2\/posts\/336943","targetHints":{"allow":["GET"]}}],"collection":[{"href":"https:\/\/www.europesays.com\/fr\/wp-json\/wp\/v2\/posts"}],"about":[{"href":"https:\/\/www.europesays.com\/fr\/wp-json\/wp\/v2\/types\/post"}],"author":[{"embeddable":true,"href":"https:\/\/www.europesays.com\/fr\/wp-json\/wp\/v2\/users\/2"}],"replies":[{"embeddable":true,"href":"https:\/\/www.europesays.com\/fr\/wp-json\/wp\/v2\/comments?post=336943"}],"version-history":[{"count":0,"href":"https:\/\/www.europesays.com\/fr\/wp-json\/wp\/v2\/posts\/336943\/revisions"}],"wp:featuredmedia":[{"embeddable":true,"href":"https:\/\/www.europesays.com\/fr\/wp-json\/wp\/v2\/media\/1983"}],"wp:attachment":[{"href":"https:\/\/www.europesays.com\/fr\/wp-json\/wp\/v2\/media?parent=336943"}],"wp:term":[{"taxonomy":"category","embeddable":true,"href":"https:\/\/www.europesays.com\/fr\/wp-json\/wp\/v2\/categories?post=336943"},{"taxonomy":"post_tag","embeddable":true,"href":"https:\/\/www.europesays.com\/fr\/wp-json\/wp\/v2\/tags?post=336943"}],"curies":[{"name":"wp","href":"https:\/\/api.w.org\/{rel}","templated":true}]}}