{"id":336951,"date":"2025-08-22T20:19:20","date_gmt":"2025-08-22T20:19:20","guid":{"rendered":"https:\/\/www.europesays.com\/fr\/336951\/"},"modified":"2025-08-22T20:19:20","modified_gmt":"2025-08-22T20:19:20","slug":"marina-kaye-annonce-la-naissance-de-son-premier-enfant-elle-devoile-le-sexe-et-le-prenom-de-son-bebe","status":"publish","type":"post","link":"https:\/\/www.europesays.com\/fr\/336951\/","title":{"rendered":"Marina Kaye annonce la naissance de son premier enfant, elle d\u00e9voile le sexe et le pr\u00e9nom de son b\u00e9b\u00e9"},"content":{"rendered":"<p>Un heureux \u00e9v\u00e9nement ! C&rsquo;est en 2011 que Marina Kaye est r\u00e9v\u00e9l\u00e9e au grand public \u00e0 l&rsquo;\u00e2ge de treize ans apr\u00e8s avoir remport\u00e9 <a href=\"https:\/\/www.programme-tv.net\/news\/tv\/371902-the-voice-2025-genevieve-le-golden-buzzer-de-karine-le-marchand-dans-la-france-a-un-incroyable-talent-va-chanter-ce-samedi-soir\/\" data-api-deeplink=\"teleloisirs:\/\/news\/371902\" target=\"_blank\" rel=\"noopener\">La France a un incroyable talent<\/a>. D\u00e9sormais une artiste \u00e0 succ\u00e8s, la chanteuse de 27 ans encha\u00eene les albums et tourn\u00e9es pour rencontrer ses fans. En mars dernier, elle avait pris la parole sur son compte Instagram afin d&rsquo;annoncer \u00eatre enceinte de son premier enfant, sans d\u00e9voiler le sexe du futur b\u00e9b\u00e9, avec <a href=\"https:\/\/www.programme-tv.net\/news\/people\/333692-mon-amour-mon-protecteur-marina-kaye-sest-mariee-elle-fait-une-tendre-declaration-a-son-mari-et-devoile-de-belles-photos\/\" data-api-deeplink=\"teleloisirs:\/\/news\/333692\" target=\"_blank\" rel=\"noopener\">son compagnon<\/a>, Gr\u00e9gory Llorens, qu&rsquo;elle a \u00e9pous\u00e9 en ao\u00fbt 2023. \u00ab\u00a0Au cours de mon existence j\u2019ai voyag\u00e9, foul\u00e9 les planches de sc\u00e8nes prestigieuses, rencontr\u00e9 des milliers d\u2019\u00e2mes en ce monde. J\u2019ai \u00e9t\u00e9 b\u00e9nie d\u2019avoir connu tant de vies en une seule, d\u2019avoir explor\u00e9 un \u00e9ventail infini d\u2019\u00e9motions et de d\u00e9fis \u00e0 un si jeune \u00e2ge. (&#8230;) Construire une famille avec l\u2019amour de ma vie, conna\u00eetre la vraie place de mon c\u0153ur en ce monde, ce sont les deux plus grands cadeaux qui soient\u00a0\u00bb, avait-elle \u00e9crit. Ce mercredi 20 ao\u00fbt 2025, elle a annonc\u00e9 avoir donn\u00e9 naissance \u00e0 son b\u00e9b\u00e9 !<\/p>\n<p>                        Marina Kaye maman : elle a accouch\u00e9 de son premier enfant, le sexe et le pr\u00e9nom du b\u00e9b\u00e9 d\u00e9voil\u00e9s<\/p>\n<p>\u00ab\u00a0Bonjour, je m\u2019appelle \u00c9l\u00e9onore\u00a0\u00bb, peut-on lire grav\u00e9 sur une pastille en bois pos\u00e9e \u00e0 c\u00f4t\u00e9 du nouveau-n\u00e9, dont le visage n&rsquo;a pas \u00e9t\u00e9 d\u00e9voil\u00e9. En l\u00e9gende du clich\u00e9, <a href=\"https:\/\/www.programme-tv.net\/news\/musique\/267711-marina-kaye-devoile-le-visage-de-son-compagnon-ses-fans-sont-sous-le-charme-photo\/\" data-api-deeplink=\"teleloisirs:\/\/news\/267711\" target=\"_blank\" rel=\"noopener\">Marina Kaye et Gr\u00e9gory Llorens<\/a> ont sobrement \u00e9crit : \u00ab\u00a0Reine de nos c\u0153urs\u00a0\u00bb. <a href=\"https:\/\/www.programme-tv.net\/news\/people\/384116-marina-kaye-enceinte-de-son-premier-enfant-ses-rares-confidences-sur-son-accouchement\/\" data-api-deeplink=\"teleloisirs:\/\/news\/384116\" target=\"_blank\" rel=\"noopener\">La chanteuse de 27 ans,<\/a> d\u00e9sormais maman d&rsquo;une petite fille, a \u00e9galement partag\u00e9 une story avec son b\u00e9b\u00e9 o\u00f9 elle lui brosse d\u00e9licatement les cheveux. \u00ab\u00a0Amour infini\u00a0\u00bb, a-t-elle \u00e9crit. Sur TikTok, elle a publi\u00e9 une tendre vid\u00e9o en direct de la maternit\u00e9 avec son b\u00e9b\u00e9 dans les bras. <b>\u00ab\u00a0Ma fille &#8211; Merci la vie pour cet amour qui fait exploser le c\u0153ur\u00a0\u00bb<\/b><b>,<\/b> a-t-elle exprim\u00e9. En commentaire, ses fans ont \u00e9t\u00e9 nombreux \u00e0 r\u00e9agir \u00e0 cette belle annonce. \u00ab\u00a0F\u00e9licitations \u00e0 toute la famille\u00a0\u00bb, \u00ab\u00a0Toutes nos f\u00e9licitations, bienvenue \u00e0 \u00c9l\u00e9onore\u00a0\u00bb, \u00ab\u00a0Aww \u2026 welcome to the world Princess Eleonore\u00a0\u00bb, \u00ab\u00a0F\u00e9licitations \u00e0 vous deux\u2026 esp\u00e9rons qu&rsquo;elle chantera aussi bien que la maman\u2026 Profite marina, mais ne laisse pas trop tes fans\u00a0\u00bb ou encore \u00ab\u00a0toutes mes f\u00e9licitations et bienvenue \u00e0 votre petite princesse\u00a0\u00bb, peut-on lire.<\/p>\n<p>            Marina Kaye \u00e9voque son accouchement : \u00ab\u00a0C\u2019est mon b\u00e9b\u00e9 qui d\u00e9cidera\u00a0\u00bb<\/p>\n<p>Le 27 juillet dernier, Marina Kaye s&rsquo;\u00e9tait confi\u00e9e sur <a href=\"https:\/\/www.programme-tv.net\/news\/musique\/374673-aucun-accomplissement-nest-plus-grand-marina-kaye-annonce-etre-enceinte-et-devoile-son-baby-bump\/\" data-api-deeplink=\"teleloisirs:\/\/news\/374673\" target=\"_blank\" rel=\"noopener\">sa grossesse <\/a>et avait assur\u00e9 qu\u2019elle n\u2019\u00e9tait <a href=\"https:\/\/www.programme-tv.net\/news\/people\/384116-marina-kaye-enceinte-de-son-premier-enfant-ses-rares-confidences-sur-son-accouchement\/\" data-api-deeplink=\"teleloisirs:\/\/news\/384116\" target=\"_blank\" rel=\"noopener\">\u00ab\u00a0pas stress\u00e9e du tout\u00a0\u00bb <\/a>\u00e0 l\u2019approche de ce jour. \u00ab\u00a0J\u2019ai vraiment h\u00e2te que ce jour arrive. Je n\u2019ai rien pr\u00e9par\u00e9. Comme tout le monde, j\u2019ai visualis\u00e9 des choses dans ma t\u00eate, mais j\u2019ai conscience que je ne contr\u00f4lerai rien ce jour-l\u00e0. Donc, je me pr\u00e9pare surtout \u00e0 me laisser porter. C\u2019est mon b\u00e9b\u00e9 qui d\u00e9cidera\u00a0\u00bb, confiait-elle.<\/p>\n<p><b>La publication de Marina Kaye est disponible sur <\/b><a href=\"https:\/\/www.instagram.com\/p\/DNgmt3oo9sj\/\" rel=\"nofollow noopener\" target=\"_blank\"><b>son compte Instagram<\/b><\/a><b>.<\/b><\/p>\n<p>    <script async src=\"\/\/www.instagram.com\/embed.js\"><\/script><\/p>\n","protected":false},"excerpt":{"rendered":"Un heureux \u00e9v\u00e9nement ! C&rsquo;est en 2011 que Marina Kaye est r\u00e9v\u00e9l\u00e9e au grand public \u00e0 l&rsquo;\u00e2ge de&hellip;\n","protected":false},"author":2,"featured_media":336952,"comment_status":"","ping_status":"","sticky":false,"template":"","format":"standard","meta":{"footnotes":""},"categories":[1359],"tags":[47341,47344,244,58,59,1011,27,47342,5365,873,198,973,47343],"class_list":{"0":"post-336951","1":"post","2":"type-post","3":"status-publish","4":"format-standard","5":"has-post-thumbnail","7":"category-people","8":"tag-carnet-rose","9":"tag-channel_retour-vers-le-passe","10":"tag-commentaire","11":"tag-divertissement","12":"tag-entertainment","13":"tag-fr","14":"tag-france","15":"tag-guid_5999112892001","16":"tag-marina-kaye","17":"tag-musique","18":"tag-naissance","19":"tag-people","20":"tag-uuid_e68b11d6-5e98-4491-9284-48088af9d78a"},"share_on_mastodon":{"url":"https:\/\/pubeurope.com\/@fr\/115074273358138567","error":""},"_links":{"self":[{"href":"https:\/\/www.europesays.com\/fr\/wp-json\/wp\/v2\/posts\/336951","targetHints":{"allow":["GET"]}}],"collection":[{"href":"https:\/\/www.europesays.com\/fr\/wp-json\/wp\/v2\/posts"}],"about":[{"href":"https:\/\/www.europesays.com\/fr\/wp-json\/wp\/v2\/types\/post"}],"author":[{"embeddable":true,"href":"https:\/\/www.europesays.com\/fr\/wp-json\/wp\/v2\/users\/2"}],"replies":[{"embeddable":true,"href":"https:\/\/www.europesays.com\/fr\/wp-json\/wp\/v2\/comments?post=336951"}],"version-history":[{"count":0,"href":"https:\/\/www.europesays.com\/fr\/wp-json\/wp\/v2\/posts\/336951\/revisions"}],"wp:featuredmedia":[{"embeddable":true,"href":"https:\/\/www.europesays.com\/fr\/wp-json\/wp\/v2\/media\/336952"}],"wp:attachment":[{"href":"https:\/\/www.europesays.com\/fr\/wp-json\/wp\/v2\/media?parent=336951"}],"wp:term":[{"taxonomy":"category","embeddable":true,"href":"https:\/\/www.europesays.com\/fr\/wp-json\/wp\/v2\/categories?post=336951"},{"taxonomy":"post_tag","embeddable":true,"href":"https:\/\/www.europesays.com\/fr\/wp-json\/wp\/v2\/tags?post=336951"}],"curies":[{"name":"wp","href":"https:\/\/api.w.org\/{rel}","templated":true}]}}