{"id":336957,"date":"2025-08-22T20:22:10","date_gmt":"2025-08-22T20:22:10","guid":{"rendered":"https:\/\/www.europesays.com\/fr\/336957\/"},"modified":"2025-08-22T20:22:10","modified_gmt":"2025-08-22T20:22:10","slug":"antoine-lamour-est-dans-le-pre-enchaine-les-deconvenues-apres-leviction-de-lemission-une-vache-lui-fonce-dessus","status":"publish","type":"post","link":"https:\/\/www.europesays.com\/fr\/336957\/","title":{"rendered":"Antoine (L\u2019amour est dans le pr\u00e9) enchaine les d\u00e9convenues : apr\u00e8s l\u2019\u00e9viction de l\u2019\u00e9mission, une vache lui fonce dessus"},"content":{"rendered":"<p>D\u00e9cid\u00e9ment, Antoine encha\u00eene les tuiles. L\u2019agriculteur de 45 ans est apparu dans les portraits de la nouvelle saison de <strong><a href=\"https:\/\/www.public.fr\/tag\/l-amour-est-dans-le-pre\" target=\"_blank\" rel=\"noopener\">\u00ab\u00a0L\u2019amour est dans le pr\u00e9\u00a0\u00bb<\/a><\/strong>, il y a quelques mois. N\u00e9anmoins, les t\u00e9l\u00e9spectateurs de M6 ne le retrouveront pas le 25 ao\u00fbt prochain, date de lancement de la saison 20 du programme.<\/p>\n<p>En effet, malgr\u00e9 les efforts de <a href=\"https:\/\/www.public.fr\/tag\/karine-le-marchand\" target=\"_blank\" rel=\"noopener\">Karine Le Marchand<\/a> et de la production, l\u2019agriculteur n\u2019a pas re\u00e7u de courriers et se retrouve ainsi <a href=\"https:\/\/www.public.fr\/lamour-est-dans-le-pre-cest-officiel-antoine-ne-participera-pas-a-la-saison-20\" target=\"_blank\" rel=\"noopener\">contraint d\u2019abandonner l\u2019aventure<\/a>. Aujourd\u2019hui, c\u2019est St\u00e9phane, candidat de la saison 19, et sa compagne Nejla, qui <a href=\"https:\/\/www.public.fr\/antoine-evince-de-la-saison-20-de-lamour-est-dans-le-pre-un-agriculteur-de-la-saison-19-tente-le-tout-pour-le-tout\" target=\"_blank\" rel=\"noopener\">tentent de trouver une dulcin\u00e9e \u00e0 Antoine<\/a>.<\/p>\n<p>Dans les colonnes de T\u00e9l\u00e9-Loisirs, l\u2019agriculteur de la pr\u00e9c\u00e9dente saison explique ne pas \u00eatre \u00ab\u00a0proche\u00a0\u00bb d\u2019Antoine, mais le conna\u00eetre \u00ab\u00a0car il habite \u00e0 10 kilom\u00e8tres\u00a0\u00bb de chez lui. \u00ab\u00a0L\u2019\u00e9mission nous a permis d\u2019approfondir les discussions. Nejla essaye de le guider, de lui donner quelques conseils\u00a0\u00bb, a-t-il confi\u00e9 \u00e0 nos confr\u00e8res.<\/p>\n<p>Reste \u00e0 savoir si ce beau geste va porter ses fruits. En attendant, le candidat \u00e9vinc\u00e9 de <strong>\u00ab\u00a0L\u2019amour est dans le pr\u00e9<\/strong>\u00a0\u00bb a accept\u00e9 de se confier \u00e0 <a href=\"https:\/\/www.telestar.fr\/tele_realite\/adp\/exclu-antoine-lamour-est-dans-le-pre-accident-possible-abandon-les-dessous-chaotiques-de-sa-participation-1735578\" target=\"_blank\" rel=\"noopener\">T\u00e9l\u00e9star<\/a> afin d\u2019\u00e9voquer la mani\u00e8re dont il avait appris l\u2019absence de courriers le concernant.\u00a0<\/p>\n<p>\u00ab\u00a0Gabrielle Mather, la productrice, me l\u2019a annonc\u00e9 une semaine avant la date pr\u00e9vue pour l\u2019ouverture du courrier\u00a0\u00bb, indique-t-il dans un premier temps \u00e0 nos confr\u00e8res, avant de poursuivre : \u00ab\u00a0Louise, la directrice de casting, me disait de garder espoir. Nous avons attendu un courrier correspondant \u00e0 ma recherche jusqu\u2019aux tournages des speed datings. Sans r\u00e9sultat\u00a0\u00bb.<\/p>\n<p>Malgr\u00e9 cette mauvaise nouvelle, Antoine a accept\u00e9 de se rendre au speed dating \u00e0 Paris afin d\u2019accompagner <a href=\"https:\/\/vsd.fr\/tag\/karine-le-marchand\/\" target=\"_blank\" rel=\"noopener\">Karine Le Marchand<\/a>. N\u00e9anmoins, l\u2019agriculteur de 45 ans a bien failli ne pas se rendre \u00e0 la capitale. La faute \u00e0 un accident avec un animal survenu quelques jours plus t\u00f4t.\u00a0<\/p>\n<p>Le candidat \u00e9vinc\u00e9 de la saison 20 de \u00ab\u00a0L&rsquo;amour est dans le pr\u00e9\u00a0\u00bb victime d&rsquo;un accident avec une vache<\/p>\n<p>\u00ab\u00a0J\u2019ai un peu h\u00e9sit\u00e9, car \u00e0 ce moment-l\u00e0 <strong>je venais d\u2019avoir un accident. Un bovin m\u2019avait charg\u00e9<\/strong>, mon genou \u00e9tait comme un ballon de rugby et j\u2019avais la t\u00eate ailleurs\u00a0\u00bb, a r\u00e9v\u00e9l\u00e9 le candidat \u00e9vinc\u00e9 de la prochaine saison de <strong>\u00ab\u00a0L\u2019amour est dans le pr\u00e9\u00a0\u00bb<\/strong>.<\/p>\n<p>Avant d\u2019ajouter : <strong>\u00ab\u00a0\u00c7a commence seulement \u00e0 aller mieux, mais j\u2019ai encore des s\u00e9quelles\u00a0\u00bb<\/strong>. M\u00eame s\u2019il encha\u00eene les tuiles, il n\u2019est pas question pour l\u2019agriculteur d\u2019abandonner l\u2019aventure et laisse sous-entendre que l\u2019avenir s\u2019annoncerait bien plus radieux qu\u2019on ne le pense : \u00ab\u00a0Je me sens bien et je suis confiant. La diffusion a d\u00e9but\u00e9 et mon passage pourrait aboutir \u00e0 la r\u00e9ception d\u2019une lettre. Il peut encore se passer quelque chose\u00a0\u00bb.<\/p>\n<p>      Mentionn\u00e9s dans cet article<\/p>\n<p>      Sur le m\u00eame sujet<\/p>\n","protected":false},"excerpt":{"rendered":"D\u00e9cid\u00e9ment, Antoine encha\u00eene les tuiles. L\u2019agriculteur de 45 ans est apparu dans les portraits de la nouvelle saison&hellip;\n","protected":false},"author":2,"featured_media":336958,"comment_status":"","ping_status":"","sticky":false,"template":"","format":"standard","meta":{"footnotes":""},"categories":[1356],"tags":[58,59,1011,27,5413,9307,494,252,1364],"class_list":{"0":"post-336957","1":"post","2":"type-post","3":"status-publish","4":"format-standard","5":"has-post-thumbnail","7":"category-television","8":"tag-divertissement","9":"tag-entertainment","10":"tag-fr","11":"tag-france","12":"tag-karine-le-marchand","13":"tag-lamour-est-dans-le-pre","14":"tag-m6","15":"tag-television","16":"tag-tv"},"share_on_mastodon":{"url":"https:\/\/pubeurope.com\/@fr\/115074285170004981","error":""},"_links":{"self":[{"href":"https:\/\/www.europesays.com\/fr\/wp-json\/wp\/v2\/posts\/336957","targetHints":{"allow":["GET"]}}],"collection":[{"href":"https:\/\/www.europesays.com\/fr\/wp-json\/wp\/v2\/posts"}],"about":[{"href":"https:\/\/www.europesays.com\/fr\/wp-json\/wp\/v2\/types\/post"}],"author":[{"embeddable":true,"href":"https:\/\/www.europesays.com\/fr\/wp-json\/wp\/v2\/users\/2"}],"replies":[{"embeddable":true,"href":"https:\/\/www.europesays.com\/fr\/wp-json\/wp\/v2\/comments?post=336957"}],"version-history":[{"count":0,"href":"https:\/\/www.europesays.com\/fr\/wp-json\/wp\/v2\/posts\/336957\/revisions"}],"wp:featuredmedia":[{"embeddable":true,"href":"https:\/\/www.europesays.com\/fr\/wp-json\/wp\/v2\/media\/336958"}],"wp:attachment":[{"href":"https:\/\/www.europesays.com\/fr\/wp-json\/wp\/v2\/media?parent=336957"}],"wp:term":[{"taxonomy":"category","embeddable":true,"href":"https:\/\/www.europesays.com\/fr\/wp-json\/wp\/v2\/categories?post=336957"},{"taxonomy":"post_tag","embeddable":true,"href":"https:\/\/www.europesays.com\/fr\/wp-json\/wp\/v2\/tags?post=336957"}],"curies":[{"name":"wp","href":"https:\/\/api.w.org\/{rel}","templated":true}]}}