{"id":336981,"date":"2025-08-22T20:35:18","date_gmt":"2025-08-22T20:35:18","guid":{"rendered":"https:\/\/www.europesays.com\/fr\/336981\/"},"modified":"2025-08-22T20:35:18","modified_gmt":"2025-08-22T20:35:18","slug":"une-visite-guidee-a-160-metres-de-profondeur","status":"publish","type":"post","link":"https:\/\/www.europesays.com\/fr\/336981\/","title":{"rendered":"Une visite guid\u00e9e \u00e0 160 m\u00e8tres de profondeur"},"content":{"rendered":"<p>La mine de sel de Varang\u00e9ville, exploit\u00e9e depuis 1856, est la derni\u00e8re mine fran\u00e7aise o\u00f9 le travail est r\u00e9alis\u00e9 en souterrain, \u00e0 160\u00a0m\u00e8tres de profondeur, par des mineurs de fond. En sont extraites 550\u00a0000\u00a0tonnes de sel chaque ann\u00e9e, qui servent en grande majorit\u00e9 au sel de d\u00e9neigement et dans une moindre mesure pour l\u2019agriculture.<\/p>\n<p>Pour d\u00e9couvrir le quotidien des quarante derniers mineurs de France, des visites sont organis\u00e9es du lundi au jeudi, sur r\u00e9servation. La visite dure trois heures, \u00e0 160\u00a0m\u00e8tres de profondeur. Deux formules sont propos\u00e9es\u00a0: une visite le matin, \u00e0 8\u00a0h, avec possibilit\u00e9 de prendre \u00ab\u00a0le repas du mineur\u00a0\u00bb\u00a0; ou la seconde, \u00e0 12\u00a0h, sans repas.<\/p>\n<p>Les visiteurs pourront aussi admirer l\u2019exposition photographique\u00a0Halite, cristaux r\u00e9v\u00e9l\u00e9s, qui pr\u00e9sente pour la premi\u00e8re fois au grand public des photos de cristaux de sel provenant du monde entier.<\/p>\n<p class=\"note\">Jusqu\u2019au 31\u00a0octobre, du lundi au jeudi, d\u00e9part \u00e0 8\u00a0h pour la formule avec repas ou \u00e0 12\u00a0h, sans repas. Tarifs\u00a0: 24\u00a0\u20ac et 17\u00a0\u20ac (+\u00a0prix repas selon formule). R\u00e9servations obligatoires au 03\u00a083\u00a018\u00a073\u00a032.<\/p>\n","protected":false},"excerpt":{"rendered":"La mine de sel de Varang\u00e9ville, exploit\u00e9e depuis 1856, est la derni\u00e8re mine fran\u00e7aise o\u00f9 le travail est&hellip;\n","protected":false},"author":2,"featured_media":336982,"comment_status":"","ping_status":"","sticky":false,"template":"","format":"standard","meta":{"footnotes":""},"categories":[9635],"tags":[1111,11,7782,9652,1687,1704,1777,674,1011,27,775,1702,12,25,11987],"class_list":{"0":"post-336981","1":"post","2":"type-post","3":"status-publish","4":"format-standard","5":"has-post-thumbnail","7":"category-nancy","8":"tag-actu","9":"tag-actualites","10":"tag-balades-et-randonnees","11":"tag-cc-des-pays-du-sel-et-du-vermois-54b","12":"tag-culture-loisirs","13":"tag-edition-nancy-et-agglomeration","14":"tag-eu","15":"tag-europe","16":"tag-fr","17":"tag-france","18":"tag-grand-est","19":"tag-nancy","20":"tag-news","21":"tag-republique-francaise","22":"tag-varangeville"},"share_on_mastodon":{"url":"https:\/\/pubeurope.com\/@fr\/115074336277617571","error":""},"_links":{"self":[{"href":"https:\/\/www.europesays.com\/fr\/wp-json\/wp\/v2\/posts\/336981","targetHints":{"allow":["GET"]}}],"collection":[{"href":"https:\/\/www.europesays.com\/fr\/wp-json\/wp\/v2\/posts"}],"about":[{"href":"https:\/\/www.europesays.com\/fr\/wp-json\/wp\/v2\/types\/post"}],"author":[{"embeddable":true,"href":"https:\/\/www.europesays.com\/fr\/wp-json\/wp\/v2\/users\/2"}],"replies":[{"embeddable":true,"href":"https:\/\/www.europesays.com\/fr\/wp-json\/wp\/v2\/comments?post=336981"}],"version-history":[{"count":0,"href":"https:\/\/www.europesays.com\/fr\/wp-json\/wp\/v2\/posts\/336981\/revisions"}],"wp:featuredmedia":[{"embeddable":true,"href":"https:\/\/www.europesays.com\/fr\/wp-json\/wp\/v2\/media\/336982"}],"wp:attachment":[{"href":"https:\/\/www.europesays.com\/fr\/wp-json\/wp\/v2\/media?parent=336981"}],"wp:term":[{"taxonomy":"category","embeddable":true,"href":"https:\/\/www.europesays.com\/fr\/wp-json\/wp\/v2\/categories?post=336981"},{"taxonomy":"post_tag","embeddable":true,"href":"https:\/\/www.europesays.com\/fr\/wp-json\/wp\/v2\/tags?post=336981"}],"curies":[{"name":"wp","href":"https:\/\/api.w.org\/{rel}","templated":true}]}}