{"id":336999,"date":"2025-08-22T20:48:35","date_gmt":"2025-08-22T20:48:35","guid":{"rendered":"https:\/\/www.europesays.com\/fr\/336999\/"},"modified":"2025-08-22T20:48:35","modified_gmt":"2025-08-22T20:48:35","slug":"direction-langleterre-pour-un-rennais-completement-disparu-des-radars","status":"publish","type":"post","link":"https:\/\/www.europesays.com\/fr\/336999\/","title":{"rendered":"Direction l&rsquo;Angleterre pour un Rennais compl\u00e8tement disparu des radars ?"},"content":{"rendered":"<p>Le mercato estival du Stade Rennais conna\u00eet un nouveau rebondissement avec le d\u00e9part imminent de <strong>Mikayil Faye<\/strong> vers l\u00a0\u00bbAngleterre. Le d\u00e9fenseur central s\u00e9n\u00e9galais de <strong>21 ans<\/strong>, arriv\u00e9 en Bretagne il y a seulement un an en provenance du FC Barcelone pour la somme consid\u00e9rable de <strong>10,3 millions d&rsquo;euros<\/strong>, n&rsquo;aura finalement pas r\u00e9ussi \u00e0 s&rsquo;imposer sous les couleurs rennaises. Cette situation illustre parfaitement les difficult\u00e9s d&rsquo;adaptation que peuvent rencontrer certains jeunes talents dans un nouveau championnat, malgr\u00e9 des investissements importants et des attentes \u00e9lev\u00e9es. L&rsquo;aventure bretonne du joueur form\u00e9 au Bar\u00e7a se solde donc par un bilan mitig\u00e9, avec seulement <strong>douze apparitions<\/strong> au compteur, un chiffre qui t\u00e9moigne des difficult\u00e9s rencontr\u00e9es par le d\u00e9fenseur pour gagner la confiance de son staff technique et s&rsquo;installer durablement dans la rotation de l&rsquo;\u00e9quipe premi\u00e8re.<\/p>\n<p>                                <img decoding=\"async\" src=\"https:\/\/www.europesays.com\/fr\/wp-content\/uploads\/2025\/04\/1744123449_543_logo.png\" alt=\"Logo\"\/><\/p>\n<p>100\u20ac offerts sur ton 1er pari !<\/p>\n<p>                            <a href=\"https:\/\/bit.ly\/4j5wl4k\" class=\"headband-button\" rel=\"nofollow noopener\" target=\"_blank\">J&rsquo;en profite<\/a><\/p>\n<p>                                                                <img loading=\"lazy\" decoding=\"async\" src=\"https:\/\/www.europesays.com\/fr\/wp-content\/uploads\/2025\/08\/mercato-rennes-direction-l-angleterre-pour-un-rennais-completement-disparu-des-radars.jpg\" alt=\"Illustration : &quot;Mercato Rennes : Direction l'Angleterre pour un Rennais compl\u00e8tement disparu des radars ?&quot;\" class=\"figure-img img-fluid\" width=\"780\" height=\"478\"\/><\/p>\n<p>                                    \u00a9 Site officiel du Stade Rennais                                <\/p>\n<p>Birmingham mise gros sur le mercato avec Tom Brady en observateur<\/p>\n<p>Birmingham, tout juste promu en Championship, affiche des ambitions consid\u00e9rables pour cette nouvelle saison et multiplie les investissements sur le march\u00e9 des transferts. Le club anglais a d\u00e9j\u00e0 consacr\u00e9 pr\u00e8s de <strong>14 millions d&rsquo;euros<\/strong> pour renforcer significativement son effectif, d\u00e9montrant une volont\u00e9 claire de s&rsquo;\u00e9tablir durablement dans la deuxi\u00e8me division anglaise. Les dirigeants ont proc\u00e9d\u00e9 \u00e0 des recrutements vari\u00e9s et internationaux, attirant des profils venus de diff\u00e9rents championnats europ\u00e9ens et mondiaux. Parmi les nouvelles recrues figurent <strong>Kyogo Furuhashi, Alfons Sampsted, Bright Osayi-Samuel et Demarai Gray<\/strong>, des joueurs exp\u00e9riment\u00e9s en provenance d&rsquo;\u00c9cosse, des Pays-Bas, de Turquie et d&rsquo;Arabie Saoudite. Cette strat\u00e9gie de recrutement diversifi\u00e9e t\u00e9moigne de l&rsquo;approche globale adopt\u00e9e par Birmingham pour constituer un effectif comp\u00e9titif. L&rsquo;implication de <strong>Tom Brady<\/strong>, l\u00e9gende de la NFL et copropri\u00e9taire du club, dans le suivi de ces dossiers mercato ajoute une dimension m\u00e9diatique particuli\u00e8re \u00e0 ces op\u00e9rations et souligne l&rsquo;ambition du projet sportif anglais.<\/p>\n<p>Les difficult\u00e9s disciplinaires pr\u00e9cipitent le d\u00e9part de Faye<\/p>\n<p>La situation de Mikayil Faye au Stade Rennais s&rsquo;est consid\u00e9rablement compliqu\u00e9e ces derni\u00e8res semaines, notamment en raison de probl\u00e8mes disciplinaires qui ont d\u00e9finitivement compromis son avenir en Bretagne. Le d\u00e9fenseur s\u00e9n\u00e9galais a \u00e9t\u00e9 <strong>sanctionn\u00e9 avant le match face \u00e0 l&rsquo;Olympique de Marseille<\/strong> lors de la premi\u00e8re journ\u00e9e de Ligue 1, une rencontre que Rennes a remport\u00e9e <strong>1-0<\/strong>. Cette sanction faisait suite \u00e0 un retard \u00e0 l&rsquo;entra\u00eenement, un manquement qui a visiblement d\u00e9plu au staff technique dirig\u00e9 par Habib Beye. Cette situation disciplinaire s&rsquo;ajoute aux difficult\u00e9s sportives rencontr\u00e9es par l&rsquo;ancien crack du Bar\u00e7a, qui n&rsquo;arrivait d\u00e9j\u00e0 pas \u00e0 s&rsquo;imposer dans la rotation d\u00e9fensive rennaise. Le timing de cet incident, survenu en d\u00e9but de saison, a probablement acc\u00e9l\u00e9r\u00e9 les discussions concernant un d\u00e9part du joueur. Pour un club comme Rennes, r\u00e9put\u00e9 pour sa rigueur et ses valeurs, ce type de comportement ne peut \u00eatre tol\u00e9r\u00e9, d&rsquo;autant plus de la part d&rsquo;un joueur qui peine d\u00e9j\u00e0 \u00e0 justifier son statut et son prix d&rsquo;achat sur le terrain.<\/p>\n<p>Une op\u00e9ration financi\u00e8re qui se pr\u00e9cise rapidement<\/p>\n<p>Selon les informations du <strong>Daily Mail<\/strong>, les n\u00e9gociations entre Birmingham et le Stade Rennais avancent rapidement pour le transfert de Mikayil Faye. Une <strong>premi\u00e8re offre aurait d\u00e9j\u00e0 \u00e9t\u00e9 transmise<\/strong> aux dirigeants bretons, t\u00e9moignant de la d\u00e9termination du club anglais \u00e0 boucler cette op\u00e9ration dans les meilleurs d\u00e9lais. Cette situation place le Stade Rennais face \u00e0 un dilemme financier et sportif : conserver un joueur encore jeune et potentiellement en progression, malgr\u00e9 ses difficult\u00e9s actuelles, ou accepter de c\u00e9der aux sollicitations anglaises pour r\u00e9cup\u00e9rer une partie de l&rsquo;investissement initial. Le club breton, reconnu pour sa capacit\u00e9 \u00e0 valoriser ses jeunes talents sur le march\u00e9 des transferts, doit d\u00e9sormais g\u00e9rer ce dossier d\u00e9licat qui pourrait se solder par une moins-value importante. Tous les indicateurs sugg\u00e8rent que <strong>l&rsquo;op\u00e9ration sera boucl\u00e9e dans les prochains jours<\/strong>, permettant aux deux formations de finaliser leurs effectifs respectifs avant la fermeture du mercato estival.<\/p>\n<p>Ce dimanche, le Stade Rennais devra confirmer son succ\u00e8s contre l\u2019OM \u00e0 l\u2019occasion du derby face \u00e0 Lorient au Moustoir. \u00c0 cette occasion, profitez de 100\u20ac offerts pour votre premi\u00e8re inscription sur Parions Sport en Ligne. <a href=\"http:\/\/bit.ly\/4hgs1yE\" rel=\"nofollow noopener\" target=\"_blank\"><strong>Une victoire du Stade Rennais face au FC Lorient vous rapporte jusqu\u2019\u00e0 255\u20ac !<\/strong><\/a><\/p>\n<p><strong>Pour en profiter, c\u2019est tr\u00e8s simple :<\/strong><\/p>\n<p>&#8211;              Cr\u00e9ez votre compte joueur en seulement 2 \u00e9tapes <a href=\"http:\/\/bit.ly\/4hgs1yE\" rel=\"nofollow noopener\" target=\"_blank\"><strong>ici<\/strong><\/a><\/p>\n<p>&#8211;              R\u00e9alisez votre 1er d\u00e9p\u00f4t puis placez votre 1er pari (Minimum 5\u20ac)<\/p>\n<p>&#8211;              Une fois votre 1er d\u00e9p\u00f4t et votre 1er pari r\u00e9alis\u00e9s, l\u2019int\u00e9gralit\u00e9 du montant de ce 1er pari sera cr\u00e9dit\u00e9e sur votre compte joueur dans la limite de 100\u20ac maximum et sous la forme de cr\u00e9dits de jeu non retirables. Le cr\u00e9dit s\u2019effectuera alors en une seule \u00e9tape et sous 3 jours<\/p>\n<p>Jouer comporte des risques : endettement, d\u00e9pendance\u2026 Appelez le 09 74 75 13 13 (appel non surtax\u00e9)<\/p>\n","protected":false},"excerpt":{"rendered":"Le mercato estival du Stade Rennais conna\u00eet un nouveau rebondissement avec le d\u00e9part imminent de Mikayil Faye vers&hellip;\n","protected":false},"author":2,"featured_media":337000,"comment_status":"","ping_status":"","sticky":false,"template":"","format":"standard","meta":{"footnotes":""},"categories":[2821],"tags":[1111,11,829,1777,674,1011,27,12,584,25],"class_list":{"0":"post-336999","1":"post","2":"type-post","3":"status-publish","4":"format-standard","5":"has-post-thumbnail","7":"category-rennes","8":"tag-actu","9":"tag-actualites","10":"tag-bretagne","11":"tag-eu","12":"tag-europe","13":"tag-fr","14":"tag-france","15":"tag-news","16":"tag-rennes","17":"tag-republique-francaise"},"share_on_mastodon":{"url":"https:\/\/pubeurope.com\/@fr\/115074387627753892","error":""},"_links":{"self":[{"href":"https:\/\/www.europesays.com\/fr\/wp-json\/wp\/v2\/posts\/336999","targetHints":{"allow":["GET"]}}],"collection":[{"href":"https:\/\/www.europesays.com\/fr\/wp-json\/wp\/v2\/posts"}],"about":[{"href":"https:\/\/www.europesays.com\/fr\/wp-json\/wp\/v2\/types\/post"}],"author":[{"embeddable":true,"href":"https:\/\/www.europesays.com\/fr\/wp-json\/wp\/v2\/users\/2"}],"replies":[{"embeddable":true,"href":"https:\/\/www.europesays.com\/fr\/wp-json\/wp\/v2\/comments?post=336999"}],"version-history":[{"count":0,"href":"https:\/\/www.europesays.com\/fr\/wp-json\/wp\/v2\/posts\/336999\/revisions"}],"wp:featuredmedia":[{"embeddable":true,"href":"https:\/\/www.europesays.com\/fr\/wp-json\/wp\/v2\/media\/337000"}],"wp:attachment":[{"href":"https:\/\/www.europesays.com\/fr\/wp-json\/wp\/v2\/media?parent=336999"}],"wp:term":[{"taxonomy":"category","embeddable":true,"href":"https:\/\/www.europesays.com\/fr\/wp-json\/wp\/v2\/categories?post=336999"},{"taxonomy":"post_tag","embeddable":true,"href":"https:\/\/www.europesays.com\/fr\/wp-json\/wp\/v2\/tags?post=336999"}],"curies":[{"name":"wp","href":"https:\/\/api.w.org\/{rel}","templated":true}]}}