{"id":337009,"date":"2025-08-22T20:55:11","date_gmt":"2025-08-22T20:55:11","guid":{"rendered":"https:\/\/www.europesays.com\/fr\/337009\/"},"modified":"2025-08-22T20:55:11","modified_gmt":"2025-08-22T20:55:11","slug":"les-vins-de-bordeaux-secoues-par-le-maintien-des-droits-de-douane-americains-a-15-sur-lalcool","status":"publish","type":"post","link":"https:\/\/www.europesays.com\/fr\/337009\/","title":{"rendered":"Les vins de Bordeaux secou\u00e9s par le maintien des droits de douane am\u00e9ricains \u00e0 15% sur l&rsquo;alcool"},"content":{"rendered":"<p class=\"wp-block-post-excerpt__excerpt\">Ce jeudi 21 ao\u00fbt, l\u2019Union europ\u00e9enne et les \u00c9tats-Unis ont annonc\u00e9 le maintien des taxes douani\u00e8res \u00e0 hauteur de 15% sur les exportations, entres autres, des vins et spiritueux fran\u00e7ais. Les acteurs de la fili\u00e8re misent toujours sur de futures n\u00e9gociations pour faire reculer Washington. <\/p>\n<p class=\"font-sans\">\n\t\t\tCet article est en acc\u00e8s libre. Pour soutenir Rue89Bordeaux,<br \/>\n\t\t\t<a class=\"underline\" href=\"https:\/\/rue89bordeaux.com\/abonnement\/\" rel=\"nofollow noopener\" target=\"_blank\">abonnez-vous<\/a>.\n\t\t<\/p>\n<p>Tom Martorelli<\/p>\n<p>Publi\u00e9 le 22 ao\u00fbt 2025\u00a0\u00a0\u00b7\u00a0\u00a0<\/p>\n<p>Imprim\u00e9 le 22 ao\u00fbt 2025 \u00e0 22h55\u00a0\u00a0\u00b7\u00a0\u00a0<\/p>\n<p>\t\t\t\t\t3\u00a0minutes\n<\/p>\n<p>Le r\u00e9veil semble difficile pour les viticulteurs fran\u00e7ais et bordelais. Ce jeudi, le commissaire europ\u00e9en au Commerce, Maro\u0161 \u0160ef\u010dovi\u010d, a avou\u00e9 l\u2019\u00e9chec de l\u2019Union europ\u00e9enne \u00e0 infl\u00e9chir la position du \u00ab\u00a0taxeman\u00a0\u00bb Donald Trump. Comme pr\u00e9vu dans <a href=\"https:\/\/www.tf1info.fr\/international\/droits-de-douane-rencontre-de-la-derniere-chance-entre-donald-trump-et-ursula-von-der-leyen-en-ecosse-2385353.html\" rel=\"nofollow noopener\" target=\"_blank\">l\u2019accord de juillet dernier entre le pr\u00e9sident am\u00e9ricain et la pr\u00e9sidente de la Commission europ\u00e9enne, Ursula von der Leyen<\/a>, les vins et spiritueux provenant de toute l\u2019Europe seront bien tax\u00e9s \u00e0 15 % \u00e0 leur entr\u00e9e sur le territoire \u00e9tats-unien, contre 4,8% avant le 7 ao\u00fbt.<\/p>\n<p><a href=\"https:\/\/france.representation.ec.europa.eu\/informations\/declaration-commune-de-lue-et-des-etats-unis-sur-le-commerce-et-les-investissements-transatlantiques-2025-08-21_fr?prefLang=en\" rel=\"nofollow noopener\" target=\"_blank\">La d\u00e9claration commune<\/a> sur le commerce et les investissements transatlantiques pr\u00e9sent\u00e9e ce jeudi indique que cette mesure devrait prendre forme dans les prochaines semaines, <a href=\"https:\/\/www.lemonde.fr\/economie\/article\/2025\/08\/21\/droits-de-douane-voitures-produits-pharmaceutiques-et-vins-europeens-seront-bien-taxes-a-15-par-les-etats-unis_6633101_3234.html\" rel=\"nofollow noopener\" target=\"_blank\">lorsque l\u2019UE aura introduit un texte de loi pour r\u00e9duire ses propres taxes douani\u00e8res<\/a> indique Le Monde.<\/p>\n<p>\t\tNouvelle gueule de bois<\/p>\n<p>Pour la fili\u00e8re viticole bordelaise, l\u2019annonce r\u00e9sonne comme un nouveau coup de massue. Alors qu\u2019elle est en proie \u00e0 une crise \u00e9conomique importante, la fili\u00e8re craint pour ses exportations aux \u00c9tats-Unis, son premier march\u00e9. L\u2019ann\u00e9e pass\u00e9e, 30 millions de bouteilles y ont \u00e9t\u00e9 export\u00e9es, l\u2019\u00e9quivalent de 430 millions d\u2019euros de ventes sur un an. Cela repr\u00e9sente une hausse de 13% du volume des ventes par rapport \u00e0 l\u2019ann\u00e9e pr\u00e9c\u00e9dente.<\/p>\n<blockquote class=\"wp-block-quote is-layout-flow wp-block-quote-is-layout-flow\">\n<p>\u00ab\u00a0C\u2019est une nouvelle \u00e9preuve. Nous redoutons des pertes de parts de march\u00e9 qui seront difficiles \u00e0 regagner\u00a0\u00bb, a ainsi avou\u00e9 J\u00e9r\u00f4me Despey, premier vice-pr\u00e9sident du syndicat agricole FNSEA, <a href=\"https:\/\/france3-regions.franceinfo.fr\/occitanie\/herault\/montpellier\/un-coup-de-plus-sur-le-cercueil-les-vignerons-inquiets-apres-l-echec-des-negociations-sur-les-droits-de-douane-americains-3205088.html\" rel=\"nofollow noopener\" target=\"_blank\">\u00e0 l\u2019AFP.<\/a><\/p>\n<\/blockquote>\n<p>De son c\u00f4t\u00e9, le Conseil interprofessionnel du vin de Bordeaux se veut moins fataliste quant \u00e0 l\u2019issue de cette d\u00e9cision commerciale. Christophe Chateau, son directeur de la communication, \u00e9voque un impact mesur\u00e9, quand \u00ab\u00a0Donald Trump avait parl\u00e9 de 200\u00a0%, 20\u00a0% ou m\u00eame 50\u00a0%\u00a0\u00bb.<\/p>\n<p>Il n\u2019est pas le seul \u00e0 prendre cette taxe de 15% comme un moindre mal :<\/p>\n<blockquote class=\"wp-block-quote is-layout-flow wp-block-quote-is-layout-flow\">\n<p>\u00ab\u00a0C\u2019est l\u2019accord commercial le plus favorable que les\u00a0\u00c9tats-Unis aient accord\u00e9 \u00e0 n\u2019importe quel partenaire, s\u2019est ainsi f\u00e9licit\u00e9 Maro\u0161 \u0160ef\u010dovi\u010d en conf\u00e9rence de presse. Il apporte de la stabilit\u00e9 et de la pr\u00e9dictibilit\u00e9 \u00e0 notre relation, deux choses tr\u00e8s importantes pour nos entreprises.\u00a0\u00bb<\/p>\n<\/blockquote>\n<p>\t\tLes n\u00e9gociations continuent<\/p>\n<p>Certains producteurs et exportateurs de vin bordelais ne semblent pas se r\u00e9signer \u00e0 subir cette politique commerciale. Pr\u00e9sident de Bordeaux N\u00e9goce, syndicat regroupant 4 000 n\u00e9gociants en vin, Philippe Tapie estime ainsi qu\u2019\u00a0\u00bbil n\u2019y a plus d\u2019\u00e9chappatoires\u00a0\u00bb :<\/p>\n<blockquote class=\"wp-block-quote is-layout-flow wp-block-quote-is-layout-flow\">\n<p>\u00ab\u00a015% de taxes, c\u2019est 15% de business en moins, indique-t-il \u00e0 Rue89 Bordeaux. Il faut d\u00e9sormais se poser, r\u00e9\u00e9chelonner, r\u00e9\u00e9talonner les programmes de commande. Et surtout se retrousser les manches pour continuer nos actions de lobbying et se retourner vers des march\u00e9s \u00e9mergents de substitution, ce qui va prendre un certain temps\u00a0\u00bb.<\/p>\n<\/blockquote>\n<p>Christophe Chateau pronostique quant \u00e0 lui une perte d\u2019environ 10%, provoqu\u00e9e selon les \u00e9tudes par \u00ab\u00a0un triple effet sur la mise en place de cette taxe, la d\u00e9valuation du dollars am\u00e9ricain et l\u2019achat de vin par anticipation suite \u00e0 l\u2019annonce de ces mesures\u00a0\u00bb.<\/p>\n<p>\u00c0 leurs c\u00f4t\u00e9s, le gouvernement fran\u00e7ais promet que les n\u00e9gociations vont se poursuivre. La ministre de l\u2019Agriculture Annie Genevard d\u00e9nonce <a href=\"https:\/\/x.com\/AnnieGenevard\/status\/1958598073761853677?ref_src=twsrc%5Etfw%7Ctwcamp%5Etweetembed%7Ctwterm%5E1958598073761853677%7Ctwgr%5E94d3585f91fd9c37c474e50431ee37232f01e04c%7Ctwcon%5Es1_&amp;ref_url=https%3A%2F%2Fwww.leparisien.fr%2Feconomie%2Fdroits-de-douane-americains-sur-les-vins-les-exportateurs-francais-decus-le-gouvernement-promet-de-ne-pas-en-rester-la-22-08-2025-OJXL7F2TQNDTNIJ4WBSBV3JKQE.php\" rel=\"nofollow\">dans un message publi\u00e9 sur X ce jeudi soir<\/a> un accord \u00ab\u00a0d\u00e9s\u00e9quilibr\u00e9, [qui] porte atteinte aux int\u00e9r\u00eats fran\u00e7ais et europ\u00e9ens en mati\u00e8re agricole\u00a0\u00bb. <\/p>\n<p>Elle \u00ab\u00a0demande instamment aux n\u00e9gociateurs europ\u00e9ens qu\u2019ils en fassent une priorit\u00e9 des prochains \u00e9changes qu\u2019ils auront avec les autorit\u00e9s am\u00e9ricaines\u00a0\u00bb, et attend en outre \u00ab\u00a0des mesures europ\u00e9ennes fortes pour soutenir les producteurs qui seraient p\u00e9nalis\u00e9s par ce r\u00e9sultat inacceptable\u00a0\u00bb.<\/p>\n<blockquote class=\"wp-block-quote is-layout-flow wp-block-quote-is-layout-flow\">\n<p>\u00ab\u00a0Il y a encore des portes ouvertes pour n\u00e9gocier des exemptions ou des am\u00e9nagements, esp\u00e8re \u00e9galement Gabriel Picard, pr\u00e9sident de la F\u00e9d\u00e9ration fran\u00e7aise des exportateurs de vins et spiritueux (FEVS). On a encore un fil de discussion ouvert, \u00e7a ne va pas changer le tr\u00e8s court terme, mais on esp\u00e8re que \u00e7a pourra changer le moyen terme.\u00a0\u00bb<\/p>\n<\/blockquote>\n<p>Rue89 Bordeaux a besoin de vos dons<\/p>\n<p>Mille mercis \u00e0 nos 131 donateurs ! Gr\u00e2ce \u00e0 vous, nous avons atteint notre objectif initial de 10\u202f000\u202f\u20ac. Ce soutien va nous permettre de renflouer notre tr\u00e9sorerie, apr\u00e8s le d\u00e9sengagement en 2025 d\u2019un annonceur important \u2013 Bordeaux M\u00e9tropole \u2013 et de r\u00e9gler nos factures en attente.<br \/>Cependant, la cagnotte reste ouverte jusqu\u2019\u00e0 fin septembre afin de vous laisser l\u2019occasion de continuer \u00e0 soutenir votre m\u00e9dia ind\u00e9pendant. Chaque don est d\u00e9ductible des imp\u00f4ts \u00e0 hauteur de 66\u202f%. En recevoir davantage nous permettra de consolider nos finances, d\u2019envisager une rentr\u00e9e sereine, et surtout, d\u2019enrichir nos contenus et de renforcer notre r\u00e9daction.<\/p>\n","protected":false},"excerpt":{"rendered":"Ce jeudi 21 ao\u00fbt, l\u2019Union europ\u00e9enne et les \u00c9tats-Unis ont annonc\u00e9 le maintien des taxes douani\u00e8res \u00e0 hauteur&hellip;\n","protected":false},"author":2,"featured_media":337010,"comment_status":"","ping_status":"","sticky":false,"template":"","format":"standard","meta":{"footnotes":""},"categories":[2817],"tags":[1111,11,1997,1777,674,1011,27,12,2219,25],"class_list":{"0":"post-337009","1":"post","2":"type-post","3":"status-publish","4":"format-standard","5":"has-post-thumbnail","7":"category-bordeaux","8":"tag-actu","9":"tag-actualites","10":"tag-bordeaux","11":"tag-eu","12":"tag-europe","13":"tag-fr","14":"tag-france","15":"tag-news","16":"tag-nouvelle-aquitaine","17":"tag-republique-francaise"},"share_on_mastodon":{"url":"https:\/\/pubeurope.com\/@fr\/115074414917073405","error":""},"_links":{"self":[{"href":"https:\/\/www.europesays.com\/fr\/wp-json\/wp\/v2\/posts\/337009","targetHints":{"allow":["GET"]}}],"collection":[{"href":"https:\/\/www.europesays.com\/fr\/wp-json\/wp\/v2\/posts"}],"about":[{"href":"https:\/\/www.europesays.com\/fr\/wp-json\/wp\/v2\/types\/post"}],"author":[{"embeddable":true,"href":"https:\/\/www.europesays.com\/fr\/wp-json\/wp\/v2\/users\/2"}],"replies":[{"embeddable":true,"href":"https:\/\/www.europesays.com\/fr\/wp-json\/wp\/v2\/comments?post=337009"}],"version-history":[{"count":0,"href":"https:\/\/www.europesays.com\/fr\/wp-json\/wp\/v2\/posts\/337009\/revisions"}],"wp:featuredmedia":[{"embeddable":true,"href":"https:\/\/www.europesays.com\/fr\/wp-json\/wp\/v2\/media\/337010"}],"wp:attachment":[{"href":"https:\/\/www.europesays.com\/fr\/wp-json\/wp\/v2\/media?parent=337009"}],"wp:term":[{"taxonomy":"category","embeddable":true,"href":"https:\/\/www.europesays.com\/fr\/wp-json\/wp\/v2\/categories?post=337009"},{"taxonomy":"post_tag","embeddable":true,"href":"https:\/\/www.europesays.com\/fr\/wp-json\/wp\/v2\/tags?post=337009"}],"curies":[{"name":"wp","href":"https:\/\/api.w.org\/{rel}","templated":true}]}}