{"id":337011,"date":"2025-08-22T20:56:28","date_gmt":"2025-08-22T20:56:28","guid":{"rendered":"https:\/\/www.europesays.com\/fr\/337011\/"},"modified":"2025-08-22T20:56:28","modified_gmt":"2025-08-22T20:56:28","slug":"wizz-air-debarque-a-bordeaux-avec-des-vols-low-cost-vers-trois-villes-europeennes","status":"publish","type":"post","link":"https:\/\/www.europesays.com\/fr\/337011\/","title":{"rendered":"Wizz Air d\u00e9barque \u00e0 Bordeaux avec des vols low cost vers trois villes europ\u00e9ennes"},"content":{"rendered":"<p>Deux capitales europ\u00e9ennes et la ville romantique par excellence. Voil\u00e0 les destinations possibles en partance de l\u2019a\u00e9roport de Bordeaux avec la <strong>compagnie a\u00e9rienne Wizz Air<\/strong>. Connue pour ses bas prix, la <a href=\"https:\/\/www.capital.fr\/economie-politique\/a-10-secondes-du-drame-cet-airbus-a320-a-frole-le-crash-au-dessus-du-lac-leman-1517361\" rel=\"nofollow noopener\" target=\"_blank\">compagnie dite low-cost<\/a>, originaire de Hongrie, d\u00e9barque <a href=\"https:\/\/www.capital.fr\/economie-politique\/easyjet-lance-des-cet-ete-6-nouvelles-destinations-depuis-bordeaux-1511281\" rel=\"nofollow noopener\" target=\"_blank\">\u00e0 Bordeaux-M\u00e9rignac<\/a> pour desservir prochainement trois destinations en Europe : <strong>Bucarest<\/strong>, en Roumanie, ainsi que <strong>Rome<\/strong> et <strong>Venise<\/strong>, en Italie.<\/p>\n<p>Une magnifique nouvelle pour les voyageurs en partance de l\u2019a\u00e9roport girondin, qui pourront, d\u00e8s cette fin de l\u2019ann\u00e9e 2025, profiter de ces trois destinations via une compagnie suppl\u00e9mentaire. Wizz Air organisera des vols vers l\u2019Italie <strong>d\u00e8s la fin du mois d\u2019octobre 2025<\/strong>. En effet, les vols vers Rome (a\u00e9roport Fiumicino) auront lieu les mardis, jeudis et samedis \u00e0 partir du 28 octobre, avec des tarifs d\u00e8s 30 euros.<\/p>\n<p>Bordeaux-Venise avec Wizz Air pas avant d\u00e9cembre 2025<\/p>\n<p>Pour Venise, en revanche, il faudra encore un peu patienter puisque le premier vol en partance du tarmac bordelais s\u2019effectuera <strong>le 2 d\u00e9cembre<\/strong>. De nouveau, il y aura trois fr\u00e9quences hebdomadaires : les mardis, jeudis et samedis. Si vous souhaitez partir tester les gondoles v\u00e9nitiennes avant le mois de d\u00e9cembre, il est d\u00e9j\u00e0 possible de s\u2019envoler de Bordeaux-M\u00e9rignac avec la <a href=\"https:\/\/www.capital.fr\/entreprises-marches\/aerien-les-secrets-de-volotea-nouveau-champion-des-vols-de-l-ete-1515553\" rel=\"nofollow noopener\" target=\"_blank\">compagnie a\u00e9rienne Volotea<\/a>.<\/p>\n<p>Pour rejoindre la capitale roumaine en partance de <a href=\"https:\/\/www.capital.fr\/immobilier\/prix-de-l-immobilier-a-bordeaux-en-mai-2025-les-indices-a-l-achat-et-a-la-location-1512346\" rel=\"nofollow noopener\" target=\"_blank\">la ville girondine<\/a>, deux rotations hebdomadaires sont pr\u00e9vues (le mercredi et le dimanche) d\u00e8s le <strong>26 octobre 2025<\/strong>. Les voyageurs d\u00e9barqueront \u00e0 l\u2019a\u00e9roport Bucarest Otopeni.<\/p>\n","protected":false},"excerpt":{"rendered":"Deux capitales europ\u00e9ennes et la ville romantique par excellence. Voil\u00e0 les destinations possibles en partance de l\u2019a\u00e9roport de&hellip;\n","protected":false},"author":2,"featured_media":337012,"comment_status":"","ping_status":"","sticky":false,"template":"","format":"standard","meta":{"footnotes":""},"categories":[2817],"tags":[1111,11,1997,1777,674,1011,27,12,2219,25],"class_list":{"0":"post-337011","1":"post","2":"type-post","3":"status-publish","4":"format-standard","5":"has-post-thumbnail","7":"category-bordeaux","8":"tag-actu","9":"tag-actualites","10":"tag-bordeaux","11":"tag-eu","12":"tag-europe","13":"tag-fr","14":"tag-france","15":"tag-news","16":"tag-nouvelle-aquitaine","17":"tag-republique-francaise"},"share_on_mastodon":{"url":"https:\/\/pubeurope.com\/@fr\/115074418862178880","error":""},"_links":{"self":[{"href":"https:\/\/www.europesays.com\/fr\/wp-json\/wp\/v2\/posts\/337011","targetHints":{"allow":["GET"]}}],"collection":[{"href":"https:\/\/www.europesays.com\/fr\/wp-json\/wp\/v2\/posts"}],"about":[{"href":"https:\/\/www.europesays.com\/fr\/wp-json\/wp\/v2\/types\/post"}],"author":[{"embeddable":true,"href":"https:\/\/www.europesays.com\/fr\/wp-json\/wp\/v2\/users\/2"}],"replies":[{"embeddable":true,"href":"https:\/\/www.europesays.com\/fr\/wp-json\/wp\/v2\/comments?post=337011"}],"version-history":[{"count":0,"href":"https:\/\/www.europesays.com\/fr\/wp-json\/wp\/v2\/posts\/337011\/revisions"}],"wp:featuredmedia":[{"embeddable":true,"href":"https:\/\/www.europesays.com\/fr\/wp-json\/wp\/v2\/media\/337012"}],"wp:attachment":[{"href":"https:\/\/www.europesays.com\/fr\/wp-json\/wp\/v2\/media?parent=337011"}],"wp:term":[{"taxonomy":"category","embeddable":true,"href":"https:\/\/www.europesays.com\/fr\/wp-json\/wp\/v2\/categories?post=337011"},{"taxonomy":"post_tag","embeddable":true,"href":"https:\/\/www.europesays.com\/fr\/wp-json\/wp\/v2\/tags?post=337011"}],"curies":[{"name":"wp","href":"https:\/\/api.w.org\/{rel}","templated":true}]}}