{"id":337021,"date":"2025-08-22T21:02:12","date_gmt":"2025-08-22T21:02:12","guid":{"rendered":"https:\/\/www.europesays.com\/fr\/337021\/"},"modified":"2025-08-22T21:02:12","modified_gmt":"2025-08-22T21:02:12","slug":"lolympique-dales-en-cevennes-reussit-son-entree-a-marseille","status":"publish","type":"post","link":"https:\/\/www.europesays.com\/fr\/337021\/","title":{"rendered":"L\u2019Olympique d\u2019Al\u00e8s en C\u00e9vennes r\u00e9ussit son entr\u00e9e \u00e0 Marseille"},"content":{"rendered":"<p>L\u2019Olympique d\u2019Al\u00e8s en C\u00e9vennes a parfaitement lanc\u00e9 sa saison en Nationale 3 ce week-end, en allant s\u2019imposer sur le terrain de l\u2019Olympique de Marseille 2 (1-2). Un succ\u00e8s \u00e0 l\u2019ext\u00e9rieur, acquis gr\u00e2ce \u00e0 des buts d\u2019\u00c9lie Maurin et Hamza Bouraja, qui permet aux C\u00e9venols de d\u00e9buter le championnat sur une note tr\u00e8s positive.<\/p>\n<p><strong>Un d\u00e9part canon pour l\u2019OAC<\/strong><\/p>\n<p>Les Al\u00e9siens n\u2019ont pas tard\u00e9 \u00e0 afficher leurs ambitions. D\u00e8s la 3e minute, \u00c9lie Maurin ouvrait le score d\u2019une frappe opportuniste, refroidissant d\u2019entr\u00e9e les espoirs marseillais. L\u2019OAC, bien en place, ma\u00eetrisait son sujet face \u00e0 une jeune r\u00e9serve olympienne toujours difficile \u00e0 man\u0153uvrer \u00e0 domicile.<\/p>\n<p><strong>Marseille r\u00e9agit, Lago \u00e9galise<\/strong><\/p>\n<p>Malgr\u00e9 une entame r\u00e9ussie, les C\u00e9venols voyaient les Phoc\u00e9ens revenir dans la partie. Peu apr\u00e8s le quart d\u2019heure de jeu, \u00e0 la 20e minute, Lago remettait les deux \u00e9quipes \u00e0 \u00e9galit\u00e9. Le match basculait alors dans un bras de fer intense, rythm\u00e9 par de nombreux duels et un engagement marqu\u00e9, symbolis\u00e9 par plusieurs avertissements distribu\u00e9s de part et d\u2019autre.<\/p>\n<p>\t\t\t\t\t<a href=\"\" title=\"\"><br \/>\n\t\t\t\t\t\t<img loading=\"lazy\" decoding=\"async\" alt=\"\" width=\"728\" height=\"91\" src=\"https:\/\/www.europesays.com\/fr\/wp-content\/uploads\/2025\/08\/IMG_9394.jpg\" class=\"lazyload\" data-eio-rwidth=\"1920\" data-eio-rheight=\"366\"\/><br \/>\n\t\t\t\t\t<\/a><\/p>\n<p><strong>Bouraja d\u00e9livre les siens<\/strong><\/p>\n<p>Alors que la rencontre semblait se diriger vers un nul \u00e9quitable, l\u2019OAC trouvait les ressources n\u00e9cessaires pour faire la diff\u00e9rence dans les ultimes instants. \u00c0 la 90e minute, Hamza Bouraja surgissait et trompait le gardien marseillais, offrant un succ\u00e8s pr\u00e9cieux \u00e0 son \u00e9quipe.<\/p>\n<p><strong>Un succ\u00e8s fondateur<\/strong><\/p>\n<p>En s\u2019imposant 2-1 \u00e0 Marseille, l\u2019OAC d\u00e9marre sa saison de la meilleure des mani\u00e8res. Ce premier succ\u00e8s \u00e0 l\u2019ext\u00e9rieur face \u00e0 une r\u00e9serve professionnelle constitue un signal fort envoy\u00e9 aux autres formations de N3. Solides d\u00e9fensivement et r\u00e9alistes offensivement, les C\u00e9venols lancent leur championnat avec ambition et confiance.<\/p>\n","protected":false},"excerpt":{"rendered":"L\u2019Olympique d\u2019Al\u00e8s en C\u00e9vennes a parfaitement lanc\u00e9 sa saison en Nationale 3 ce week-end, en allant s\u2019imposer sur&hellip;\n","protected":false},"author":2,"featured_media":337022,"comment_status":"","ping_status":"","sticky":false,"template":"","format":"standard","meta":{"footnotes":""},"categories":[2814],"tags":[1111,11,1777,674,1011,27,884,12,882,25],"class_list":{"0":"post-337021","1":"post","2":"type-post","3":"status-publish","4":"format-standard","5":"has-post-thumbnail","7":"category-marseille","8":"tag-actu","9":"tag-actualites","10":"tag-eu","11":"tag-europe","12":"tag-fr","13":"tag-france","14":"tag-marseille","15":"tag-news","16":"tag-provence-alpes-cote-dazur","17":"tag-republique-francaise"},"share_on_mastodon":{"url":"https:\/\/pubeurope.com\/@fr\/115074442464059168","error":""},"_links":{"self":[{"href":"https:\/\/www.europesays.com\/fr\/wp-json\/wp\/v2\/posts\/337021","targetHints":{"allow":["GET"]}}],"collection":[{"href":"https:\/\/www.europesays.com\/fr\/wp-json\/wp\/v2\/posts"}],"about":[{"href":"https:\/\/www.europesays.com\/fr\/wp-json\/wp\/v2\/types\/post"}],"author":[{"embeddable":true,"href":"https:\/\/www.europesays.com\/fr\/wp-json\/wp\/v2\/users\/2"}],"replies":[{"embeddable":true,"href":"https:\/\/www.europesays.com\/fr\/wp-json\/wp\/v2\/comments?post=337021"}],"version-history":[{"count":0,"href":"https:\/\/www.europesays.com\/fr\/wp-json\/wp\/v2\/posts\/337021\/revisions"}],"wp:featuredmedia":[{"embeddable":true,"href":"https:\/\/www.europesays.com\/fr\/wp-json\/wp\/v2\/media\/337022"}],"wp:attachment":[{"href":"https:\/\/www.europesays.com\/fr\/wp-json\/wp\/v2\/media?parent=337021"}],"wp:term":[{"taxonomy":"category","embeddable":true,"href":"https:\/\/www.europesays.com\/fr\/wp-json\/wp\/v2\/categories?post=337021"},{"taxonomy":"post_tag","embeddable":true,"href":"https:\/\/www.europesays.com\/fr\/wp-json\/wp\/v2\/tags?post=337021"}],"curies":[{"name":"wp","href":"https:\/\/api.w.org\/{rel}","templated":true}]}}