{"id":337120,"date":"2025-08-22T22:02:11","date_gmt":"2025-08-22T22:02:11","guid":{"rendered":"https:\/\/www.europesays.com\/fr\/337120\/"},"modified":"2025-08-22T22:02:11","modified_gmt":"2025-08-22T22:02:11","slug":"un-detenu-sechappe-lors-de-son-transfert-a-lhopital-de-nice","status":"publish","type":"post","link":"https:\/\/www.europesays.com\/fr\/337120\/","title":{"rendered":"Un d\u00e9tenu s\u2019\u00e9chappe lors de son transfert \u00e0 l\u2019h\u00f4pital de Nice"},"content":{"rendered":"<p>Un homme, d\u00e9j\u00e0 condamn\u00e9 \u00e0 15 ans de prison et plac\u00e9 en garde \u00e0 vue dans une affaire de trafic de stup\u00e9fiants, s\u2019est \u00e9vad\u00e9 d\u00e9but ao\u00fbt lors de son transfert vers l\u2019h\u00f4pital de Nice, a-t-on appris ce vendredi soir. Nizar Feddaoui, 36 ans, a \u00e9t\u00e9 arr\u00eat\u00e9 le 8 ao\u00fbt \u00e0 Nice, dans le cadre d\u2019une enqu\u00eate pour trafic de stup\u00e9fiants pilot\u00e9e par un juge d\u2019instruction du tribunal judiciaire d\u2019Ajaccio.<\/p>\n<p><strong>Mandat d\u2019arr\u00eat europ\u00e9en<\/strong><\/p>\n<p>Plac\u00e9 en garde \u00e0 vue, il s\u2019est \u00ab\u00a0\u00e9vad\u00e9 lors de son transf\u00e8rement \u00e0 l\u2019h\u00f4pital de Nice\u00a0\u00bb, ont d\u00e9taill\u00e9 des sources proches du dossier, l\u2019une d\u2019entre elles ajoutant qu\u2019un \u00ab\u00a0mandat d\u2019arr\u00eat europ\u00e9en\u00a0\u00bb avait \u00e9t\u00e9 \u00e9mis contre lui. Plusieurs autres arrestations ont eu lieu dans le cadre de cette affaire en Corse et dans l\u2019Hexagone.<\/p>\n<p>Contact\u00e9s par l\u2019AFP, les parquets d\u2019Ajaccio et de Nice n\u2019ont pas souhait\u00e9 communiquer sur cette affaire.<\/p>\n<p>En novembre 2024, Nizar Feddaoui avait d\u00e9j\u00e0 \u00e9t\u00e9 mis en examen pour trafic de drogue et plac\u00e9 sous contr\u00f4le judiciaire.<\/p>\n<p>En juin 2016, il avait \u00e9t\u00e9 acquitt\u00e9 par la cour d\u2019assises des Bouches-du-Rh\u00f4ne, \u00e0 Aix-en-Provence, pour l\u2019assassinat de l\u2019ex-dirigeant nationaliste corse Yves Manunta, le 9 juillet 2012 \u00e0 Ajaccio, mais condamn\u00e9 \u00e0 15 ans de r\u00e9clusion criminelle pour association de malfaiteurs et pour l\u2019incendie volontaire en bande organis\u00e9e du v\u00e9hicule utilis\u00e9 par les auteurs de l\u2019homicide.<\/p>\n<p>Il \u00e9tait associ\u00e9 \u00e0 l\u2019une des 25 bandes criminelles de l\u2019\u00eele r\u00e9pertori\u00e9es dans une note confidentielle de 2022 du service information, renseignement et analyse strat\u00e9gique sur la criminalit\u00e9 organis\u00e9e (Sirasco) de la police nationale.<\/p>\n","protected":false},"excerpt":{"rendered":"Un homme, d\u00e9j\u00e0 condamn\u00e9 \u00e0 15 ans de prison et plac\u00e9 en garde \u00e0 vue dans une affaire&hellip;\n","protected":false},"author":2,"featured_media":337121,"comment_status":"","ping_status":"","sticky":false,"template":"","format":"standard","meta":{"footnotes":""},"categories":[2819],"tags":[1111,11,1777,674,1011,27,4075,12,2401,882,25],"class_list":{"0":"post-337120","1":"post","2":"type-post","3":"status-publish","4":"format-standard","5":"has-post-thumbnail","7":"category-nice","8":"tag-actu","9":"tag-actualites","10":"tag-eu","11":"tag-europe","12":"tag-fr","13":"tag-france","14":"tag-jeunesse","15":"tag-news","16":"tag-nice","17":"tag-provence-alpes-cote-dazur","18":"tag-republique-francaise"},"share_on_mastodon":{"url":"https:\/\/pubeurope.com\/@fr\/115074678369394471","error":""},"_links":{"self":[{"href":"https:\/\/www.europesays.com\/fr\/wp-json\/wp\/v2\/posts\/337120","targetHints":{"allow":["GET"]}}],"collection":[{"href":"https:\/\/www.europesays.com\/fr\/wp-json\/wp\/v2\/posts"}],"about":[{"href":"https:\/\/www.europesays.com\/fr\/wp-json\/wp\/v2\/types\/post"}],"author":[{"embeddable":true,"href":"https:\/\/www.europesays.com\/fr\/wp-json\/wp\/v2\/users\/2"}],"replies":[{"embeddable":true,"href":"https:\/\/www.europesays.com\/fr\/wp-json\/wp\/v2\/comments?post=337120"}],"version-history":[{"count":0,"href":"https:\/\/www.europesays.com\/fr\/wp-json\/wp\/v2\/posts\/337120\/revisions"}],"wp:featuredmedia":[{"embeddable":true,"href":"https:\/\/www.europesays.com\/fr\/wp-json\/wp\/v2\/media\/337121"}],"wp:attachment":[{"href":"https:\/\/www.europesays.com\/fr\/wp-json\/wp\/v2\/media?parent=337120"}],"wp:term":[{"taxonomy":"category","embeddable":true,"href":"https:\/\/www.europesays.com\/fr\/wp-json\/wp\/v2\/categories?post=337120"},{"taxonomy":"post_tag","embeddable":true,"href":"https:\/\/www.europesays.com\/fr\/wp-json\/wp\/v2\/tags?post=337120"}],"curies":[{"name":"wp","href":"https:\/\/api.w.org\/{rel}","templated":true}]}}